{"id":8497,"date":"2026-04-30T13:00:04","date_gmt":"2026-04-30T16:00:04","guid":{"rendered":"https:\/\/diarioelfederaense.com.ar\/?p=8497"},"modified":"2026-04-30T13:00:05","modified_gmt":"2026-04-30T16:00:05","slug":"el-ajuste-invisible-cuando-la-estabilidad-no-alcanza-y-la-realidad-golpea","status":"publish","type":"post","link":"https:\/\/diarioelfederaense.com.ar\/?p=8497","title":{"rendered":"\u00abEL AJUSTE INVISIBLE: CUANDO LA ESTABILIDAD NO ALCANZA Y LA REALIDAD GOLPEA\u00bb"},"content":{"rendered":"\n<p>Los trabajadores y la gente de a pie comenzaron a pasar a la acci\u00f3n y a volver a la calle. La pregunta inevitable es cu\u00e1nto tiempo m\u00e1s esperar\u00e1 la clase media para volver a agarrar las cacerolas.<\/p>\n\n\n\n<p>*Carlos Detona para DetonaDos.<\/p>\n\n\n\n<p>La econom\u00eda dej\u00f3 de ser una variable t\u00e9cnica para convertirse en una herida abierta que atraviesa a toda la sociedad. Fue, sin dudas, la gran bandera que llev\u00f3 al poder a Javier Milei: estabilizar la econom\u00eda, domar la inflaci\u00f3n, ordenar el caos. Y aunque algunos indicadores muestran avances, la realidad cotidiana cuenta otra historia, m\u00e1s \u00e1spera, m\u00e1s cruda: los precios se frenan, pero los salarios se desvanecen.<\/p>\n\n\n\n<p>En la calle, el term\u00f3metro social marca otra temperatura. La desesperaci\u00f3n crece en silencio, pero ya no pasa desapercibida. Llegar a fin de mes dej\u00f3 de ser un desaf\u00edo para convertirse en una quimera. A la angustia de los n\u00fameros que no cierran se le suma ahora el peso de las deudas impagas, las tarjetas al l\u00edmite y los servicios que se acumulan. La sensaci\u00f3n es clara: no hay salida visible, no hay luz al final del t\u00fanel.<\/p>\n\n\n\n<p>La pregunta se impone, inc\u00f3moda y urgente: \u00bfnadie lo est\u00e1 viendo? La marginalidad avanza, la pobreza se hace cada vez m\u00e1s visible en los barrios, golpeando puertas que antes resist\u00edan. Y, sin embargo, la percepci\u00f3n general es que la dirigencia pol\u00edtica llega tarde o, peor a\u00fan, no llega. Mientras tanto, el descontento comienza a tomar forma y a perder el miedo.<\/p>\n\n\n\n<p>Los datos lo confirman. Un estudio de la consultora Zuban C\u00f3rdoba revela que el 71,2% de la poblaci\u00f3n considera necesario un cambio de gobierno, frente a un 21% que lo rechaza. No se trata de una minor\u00eda aislada: es un clima social extendido, transversal a edades y sectores. Entre quienes tienen entre 31 y 45 a\u00f1os, el porcentaje asciende a un contundente 79,4%.<\/p>\n\n\n\n<p>La se\u00f1al es clara y el mensaje, contundente. El malestar ya no responde a un grupo espec\u00edfico: es una percepci\u00f3n generalizada sobre el rumbo del pa\u00eds. Una advertencia que crece y que, de no ser escuchada, puede transformarse en algo m\u00e1s profundo.<\/p>\n\n\n\n<p>En la antesala del D\u00eda del Trabajador, la reflexi\u00f3n se vuelve inevitable. Ojal\u00e1 el rumbo encuentre correcciones a tiempo. De lo contrario, el riesgo no ser\u00e1 solo econ\u00f3mico, sino tambi\u00e9n social: el derrumbe de un relato que alguna vez ilusion\u00f3 a la mitad de los argentinos.<\/p>\n","protected":false},"excerpt":{"rendered":"<p>Los trabajadores y la gente de a pie comenzaron a pasar a la acci\u00f3n y a volver a la calle. La pregunta inevitable es cu\u00e1nto tiempo m\u00e1s esperar\u00e1 la clase media para volver a agarrar las cacerolas. *Carlos Detona para DetonaDos. La econom\u00eda dej\u00f3 de ser una variable t\u00e9cnica para convertirse en una herida abierta [&hellip;]<\/p>\n","protected":false},"author":2,"featured_media":8498,"comment_status":"closed","ping_status":"closed","sticky":false,"template":"","format":"standard","meta":{"_et_pb_use_builder":"","_et_pb_old_content":"","footnotes":""},"categories":[1],"tags":[],"class_list":["post-8497","post","type-post","status-publish","format-standard","has-post-thumbnail","hentry","category-sin-categoria"],"_links":{"self":[{"href":"https:\/\/diarioelfederaense.com.ar\/index.php?rest_route=\/wp\/v2\/posts\/8497"}],"collection":[{"href":"https:\/\/diarioelfederaense.com.ar\/index.php?rest_route=\/wp\/v2\/posts"}],"about":[{"href":"https:\/\/diarioelfederaense.com.ar\/index.php?rest_route=\/wp\/v2\/types\/post"}],"author":[{"embeddable":true,"href":"https:\/\/diarioelfederaense.com.ar\/index.php?rest_route=\/wp\/v2\/users\/2"}],"replies":[{"embeddable":true,"href":"https:\/\/diarioelfederaense.com.ar\/index.php?rest_route=%2Fwp%2Fv2%2Fcomments&post=8497"}],"version-history":[{"count":1,"href":"https:\/\/diarioelfederaense.com.ar\/index.php?rest_route=\/wp\/v2\/posts\/8497\/revisions"}],"predecessor-version":[{"id":8499,"href":"https:\/\/diarioelfederaense.com.ar\/index.php?rest_route=\/wp\/v2\/posts\/8497\/revisions\/8499"}],"wp:featuredmedia":[{"embeddable":true,"href":"https:\/\/diarioelfederaense.com.ar\/index.php?rest_route=\/wp\/v2\/media\/8498"}],"wp:attachment":[{"href":"https:\/\/diarioelfederaense.com.ar\/index.php?rest_route=%2Fwp%2Fv2%2Fmedia&parent=8497"}],"wp:term":[{"taxonomy":"category","embeddable":true,"href":"https:\/\/diarioelfederaense.com.ar\/index.php?rest_route=%2Fwp%2Fv2%2Fcategories&post=8497"},{"taxonomy":"post_tag","embeddable":true,"href":"https:\/\/diarioelfederaense.com.ar\/index.php?rest_route=%2Fwp%2Fv2%2Ftags&post=8497"}],"curies":[{"name":"wp","href":"https:\/\/api.w.org\/{rel}","templated":true}]}}