{"id":8494,"date":"2026-04-30T12:58:29","date_gmt":"2026-04-30T15:58:29","guid":{"rendered":"https:\/\/diarioelfederaense.com.ar\/?p=8494"},"modified":"2026-04-30T12:58:29","modified_gmt":"2026-04-30T15:58:29","slug":"al-horno-con-los-pelucas-las-ventas-de-autos-0km-cayeron-un-10-interanual-en-abril","status":"publish","type":"post","link":"https:\/\/diarioelfederaense.com.ar\/?p=8494","title":{"rendered":"AL HORNO CON LOS PELUCAS: Las ventas de autos 0km cayeron un 10% interanual en abril"},"content":{"rendered":"\n<p>Con 41.898 patentamientos acumulados, el mes perfila una ca\u00edda cercana al 10% frente a abril de 2025, cuando se hab\u00edan registrado unas 53.000 unidades.<\/p>\n\n\n\n<p>El mercado automotor argentino vuelve a mostrar se\u00f1ales de debilidad. Luego de un leve repunte en marzo, abril se encamina a cerrar nuevamente con n\u00fameros negativos en los patentamientos de 0km, en un contexto donde la demanda sigue sin consolidarse.<\/p>\n\n\n\n<p>Hasta el momento, se registran 41.898 unidades, aunque a\u00fan resta contabilizar la \u00faltima jornada del mes. Aun as\u00ed, la comparaci\u00f3n interanual ya anticipa un retroceso: en abril de 2025 se hab\u00edan patentado alrededor de 53.000 veh\u00edculos, lo que proyecta una ca\u00edda cercana \u2014o incluso superior\u2014 al 10%.<\/p>\n\n\n\n<p>En este escenario, Volkswagen se mantiene al frente del ranking anual con 27.355 unidades, seguida de cerca por Toyota con 25.633 y Fiat con 23.410, en una disputa cada vez m\u00e1s pareja por el liderazgo del mercado.<\/p>\n\n\n\n<p>El top 10 de marcas que lo completan:<\/p>\n\n\n\n<p>Ford: 17.935<\/p>\n\n\n\n<p>Chevrolet: 15.987<\/p>\n\n\n\n<p>Peugeot: 14.926<\/p>\n\n\n\n<p>Renault: 14.837<\/p>\n\n\n\n<p>Citro\u00ebn: 7.387<\/p>\n\n\n\n<p>Mercedes-Benz: 6.268<\/p>\n\n\n\n<p>Jeep: 5.149<\/p>\n\n\n\n<p>M\u00e1s atr\u00e1s aparecen marcas como Nissan, BYD y BAIC, que buscan ganar terreno en un mercado cada vez m\u00e1s competitivo.<\/p>\n\n\n\n<p>Hasta el momento, se registran 41.898 unidades, aunque a\u00fan resta contabilizar la \u00faltima jornada del mes.<\/p>\n\n\n\n<p>La evoluci\u00f3n de los pr\u00f3ximos meses ser\u00e1 clave para determinar si el sector logra revertir esta nueva ca\u00edda o si se consolida un escenario de mayor retracci\u00f3n.<\/p>\n","protected":false},"excerpt":{"rendered":"<p>Con 41.898 patentamientos acumulados, el mes perfila una ca\u00edda cercana al 10% frente a abril de 2025, cuando se hab\u00edan registrado unas 53.000 unidades. El mercado automotor argentino vuelve a mostrar se\u00f1ales de debilidad. Luego de un leve repunte en marzo, abril se encamina a cerrar nuevamente con n\u00fameros negativos en los patentamientos de 0km, [&hellip;]<\/p>\n","protected":false},"author":2,"featured_media":8495,"comment_status":"closed","ping_status":"closed","sticky":false,"template":"","format":"standard","meta":{"_et_pb_use_builder":"","_et_pb_old_content":"","footnotes":""},"categories":[1],"tags":[],"class_list":["post-8494","post","type-post","status-publish","format-standard","has-post-thumbnail","hentry","category-sin-categoria"],"_links":{"self":[{"href":"https:\/\/diarioelfederaense.com.ar\/index.php?rest_route=\/wp\/v2\/posts\/8494"}],"collection":[{"href":"https:\/\/diarioelfederaense.com.ar\/index.php?rest_route=\/wp\/v2\/posts"}],"about":[{"href":"https:\/\/diarioelfederaense.com.ar\/index.php?rest_route=\/wp\/v2\/types\/post"}],"author":[{"embeddable":true,"href":"https:\/\/diarioelfederaense.com.ar\/index.php?rest_route=\/wp\/v2\/users\/2"}],"replies":[{"embeddable":true,"href":"https:\/\/diarioelfederaense.com.ar\/index.php?rest_route=%2Fwp%2Fv2%2Fcomments&post=8494"}],"version-history":[{"count":1,"href":"https:\/\/diarioelfederaense.com.ar\/index.php?rest_route=\/wp\/v2\/posts\/8494\/revisions"}],"predecessor-version":[{"id":8496,"href":"https:\/\/diarioelfederaense.com.ar\/index.php?rest_route=\/wp\/v2\/posts\/8494\/revisions\/8496"}],"wp:featuredmedia":[{"embeddable":true,"href":"https:\/\/diarioelfederaense.com.ar\/index.php?rest_route=\/wp\/v2\/media\/8495"}],"wp:attachment":[{"href":"https:\/\/diarioelfederaense.com.ar\/index.php?rest_route=%2Fwp%2Fv2%2Fmedia&parent=8494"}],"wp:term":[{"taxonomy":"category","embeddable":true,"href":"https:\/\/diarioelfederaense.com.ar\/index.php?rest_route=%2Fwp%2Fv2%2Fcategories&post=8494"},{"taxonomy":"post_tag","embeddable":true,"href":"https:\/\/diarioelfederaense.com.ar\/index.php?rest_route=%2Fwp%2Fv2%2Ftags&post=8494"}],"curies":[{"name":"wp","href":"https:\/\/api.w.org\/{rel}","templated":true}]}}