{"id":8488,"date":"2026-04-30T12:48:47","date_gmt":"2026-04-30T15:48:47","guid":{"rendered":"https:\/\/diarioelfederaense.com.ar\/?p=8488"},"modified":"2026-04-30T12:48:48","modified_gmt":"2026-04-30T15:48:48","slug":"hacia-una-ciudad-mas-ordenada-federacion-capacito-a-sus-inspectores-para-la-puesta-en-marcha-del-juzgado-de-faltas","status":"publish","type":"post","link":"https:\/\/diarioelfederaense.com.ar\/?p=8488","title":{"rendered":"Hacia una ciudad m\u00e1s ordenada: Federaci\u00f3n capacit\u00f3 a sus inspectores para la puesta en marcha del Juzgado de Faltas"},"content":{"rendered":"\n<p>El municipio avanza en la implementaci\u00f3n del nuevo sistema contravencional que comenzar\u00e1 a regir plenamente en mayo. La jueza Celeste Lorenz encabez\u00f3 una jornada de trabajo con las \u00e1reas de Inspecci\u00f3n, Bromatolog\u00eda y Ambiente para unificar criterios y garantizar el respaldo legal en los controles.<\/p>\n\n\n\n<h4 class=\"wp-block-heading\"><\/h4>\n\n\n\n<p><\/p>\n\n\n\n<p>La Municipalidad de Federaci\u00f3n dio un paso decisivo en la organizaci\u00f3n institucional de la ciudad con la realizaci\u00f3n de una capacitaci\u00f3n integral destinada al cuerpo de inspectores municipales. El encuentro tuvo como eje central la inminente puesta en marcha del Juzgado Municipal de Faltas, un organismo clave para el ordenamiento urbano y el cumplimiento de las normativas locales.<\/p>\n\n\n\n<p>De la jornada participaron figuras centrales del gabinete y del nuevo juzgado, entre ellas la Abog. Celeste Lorenz, quien asumir\u00e1 formalmente sus funciones como Jueza de Faltas el pr\u00f3ximo 4 de mayo. Tambi\u00e9n estuvieron presentes la Secretaria de Gobierno, Alejandra Di Gresia; el Secretario de Obras P\u00fablicas, Carlos Bachmann; el Director de Producci\u00f3n y Ambiente, Daniel Ben\u00edtez; y los jefes de Inspecci\u00f3n General, An\u00edbal Masetto, y de Bromatolog\u00eda, Mario Corn\u00fa.<\/p>\n\n\n\n<p>El acta de constataci\u00f3n: una prueba clave<\/p>\n\n\n\n<p>Seg\u00fan lo indicado a 7Paginas, el objetivo del encuentro fue alinear el trabajo de campo de los inspectores con el procedimiento formal que exige el Juzgado. Se hizo especial hincapi\u00e9 en la correcta confecci\u00f3n del acta de constataci\u00f3n, ya que este documento representa la prueba fundamental sobre la cual se asienta cualquier proceso contravencional.<\/p>\n\n\n\n<p>\u00abBuscamos que el inspector, que es el primer eslab\u00f3n en la cadena de control, cuente con todas las herramientas para actuar con precisi\u00f3n y respaldo legal\u00bb, se destac\u00f3 durante la capacitaci\u00f3n.<\/p>\n\n\n\n<p>Fortalecimiento institucional<\/p>\n\n\n\n<p>Con la implementaci\u00f3n de este Juzgado, Federaci\u00f3n no solo fortalece su capacidad de hacer cumplir las ordenanzas municipales \u2014ya sean de tr\u00e1nsito, ambientales o comerciales\u2014, sino que tambi\u00e9n garantiza el derecho de defensa de los vecinos, quienes ahora contar\u00e1n con una instancia formal y especializada para resolver situaciones de infracci\u00f3n.<\/p>\n\n\n\n<p>La puesta en funcionamiento del Juzgado de Faltas el pr\u00f3ximo mes representa la consolidaci\u00f3n de una herramienta que brindar\u00e1 mayor transparencia y seguridad jur\u00eddica a la gesti\u00f3n municipal, apostando a una convivencia ciudadana m\u00e1s ordenada y respetuosa de las normas.<\/p>\n","protected":false},"excerpt":{"rendered":"<p>El municipio avanza en la implementaci\u00f3n del nuevo sistema contravencional que comenzar\u00e1 a regir plenamente en mayo. La jueza Celeste Lorenz encabez\u00f3 una jornada de trabajo con las \u00e1reas de Inspecci\u00f3n, Bromatolog\u00eda y Ambiente para unificar criterios y garantizar el respaldo legal en los controles. La Municipalidad de Federaci\u00f3n dio un paso decisivo en la [&hellip;]<\/p>\n","protected":false},"author":2,"featured_media":8489,"comment_status":"closed","ping_status":"closed","sticky":false,"template":"","format":"standard","meta":{"_et_pb_use_builder":"","_et_pb_old_content":"","footnotes":""},"categories":[1],"tags":[],"class_list":["post-8488","post","type-post","status-publish","format-standard","has-post-thumbnail","hentry","category-sin-categoria"],"_links":{"self":[{"href":"https:\/\/diarioelfederaense.com.ar\/index.php?rest_route=\/wp\/v2\/posts\/8488"}],"collection":[{"href":"https:\/\/diarioelfederaense.com.ar\/index.php?rest_route=\/wp\/v2\/posts"}],"about":[{"href":"https:\/\/diarioelfederaense.com.ar\/index.php?rest_route=\/wp\/v2\/types\/post"}],"author":[{"embeddable":true,"href":"https:\/\/diarioelfederaense.com.ar\/index.php?rest_route=\/wp\/v2\/users\/2"}],"replies":[{"embeddable":true,"href":"https:\/\/diarioelfederaense.com.ar\/index.php?rest_route=%2Fwp%2Fv2%2Fcomments&post=8488"}],"version-history":[{"count":1,"href":"https:\/\/diarioelfederaense.com.ar\/index.php?rest_route=\/wp\/v2\/posts\/8488\/revisions"}],"predecessor-version":[{"id":8490,"href":"https:\/\/diarioelfederaense.com.ar\/index.php?rest_route=\/wp\/v2\/posts\/8488\/revisions\/8490"}],"wp:featuredmedia":[{"embeddable":true,"href":"https:\/\/diarioelfederaense.com.ar\/index.php?rest_route=\/wp\/v2\/media\/8489"}],"wp:attachment":[{"href":"https:\/\/diarioelfederaense.com.ar\/index.php?rest_route=%2Fwp%2Fv2%2Fmedia&parent=8488"}],"wp:term":[{"taxonomy":"category","embeddable":true,"href":"https:\/\/diarioelfederaense.com.ar\/index.php?rest_route=%2Fwp%2Fv2%2Fcategories&post=8488"},{"taxonomy":"post_tag","embeddable":true,"href":"https:\/\/diarioelfederaense.com.ar\/index.php?rest_route=%2Fwp%2Fv2%2Ftags&post=8488"}],"curies":[{"name":"wp","href":"https:\/\/api.w.org\/{rel}","templated":true}]}}