{"id":8482,"date":"2026-04-30T12:42:27","date_gmt":"2026-04-30T15:42:27","guid":{"rendered":"https:\/\/diarioelfederaense.com.ar\/?p=8482"},"modified":"2026-04-30T12:42:28","modified_gmt":"2026-04-30T15:42:28","slug":"el-gremio-que-representa-a-los-trabajadores-judiciales-repudio-el-anuncio-de-descuentos-por-dias-de-paro","status":"publish","type":"post","link":"https:\/\/diarioelfederaense.com.ar\/?p=8482","title":{"rendered":"El gremio que representa a los trabajadores judiciales repudi\u00f3 el anuncio de descuentos por d\u00edas de paro"},"content":{"rendered":"\n<p>El Plenario Provincial de Delegados de AJER calific\u00f3 la decisi\u00f3n del Superior Tribunal de Justicia como una \u00abpr\u00e1ctica desleal\u00bb y un ataque directo al derecho constitucional de huelga. Ratificaron la continuidad del plan de lucha.<\/p>\n\n\n\n<p><\/p>\n\n\n\n<figure class=\"wp-block-image\"><img decoding=\"async\" src=\"https:\/\/apfdigital-s3.cdn.net.ar\/s3i233\/2025\/06\/apfdigital\/images\/01\/94\/39\/1943967_1c12e797aeb42f1c449d0987f8826a86fea6d3c362395ffa975ea4fd8d5d8ebb\/md.webp\" alt=\"\"\/><\/figure>\n\n\n\n<p>Tras el anuncio del Superior Tribunal de Justicia (STJ) sobre la aplicaci\u00f3n de descuentos salariales a quienes participaron de las recientes medidas de fuerza, la Asociaci\u00f3n de Judiciales de Entre R\u00edos (AJER) emiti\u00f3 un duro descargo.<\/p>\n\n\n\n<p>En un plenario que cont\u00f3 con la participaci\u00f3n de representantes de 15 filiales de toda la provincia, el gremio denunci\u00f3 que esta medida busca amedrentar a los trabajadores en medio de un reclamo por mejoras salariales, transparencia en los concursos y la defensa del sistema previsional.<\/p>\n\n\n\n<blockquote class=\"wp-block-quote is-layout-flow wp-block-quote-is-layout-flow\">\n<h4 class=\"wp-block-heading\"><a href=\"https:\/\/www.apfdigital.com.ar\/noticias\/2026\/04\/30\/453804-el-stj-descontara-los-dias-de-paro-a-los-judiciales\">El STJ descontar\u00e1 los d\u00edas de paro a los judiciales<\/a><\/h4>\n<\/blockquote>\n\n\n\n<p>A continuaci\u00f3n, se reproduce de manera textual el comunicado emitido por el Plenario Provincial de AJER: \u201c<strong>Rechazamos el apriete del STJ que dispone el descuento de los d\u00edas de paro\u201d<\/strong><\/p>\n\n\n\n<p>\u201cEl Plenario Provincial de Delegados de AJER, con la presencia de la Comisi\u00f3n Directiva y de los representantes de 15 Filiales, repudia y rechaza la decisi\u00f3n del STJ de disponer el descuento de las medidas de fuerza, por ser una medida coercitiva y una forma de apriete que ataca a los trabajadores en su salario cuando ejercen el derecho constitucional de huelga\u201d.<\/p>\n\n\n\n<p>\u201cAtacar el salario, sustento de las familias, es claramente una pr\u00e1ctica laboral desleal y antisindical que viola los principios de la \u00e9tica laboral y obstaculizan la libertad sindical y el ejercicio del derecho de los trabajadores\/as. Pero a pesar de esta sanci\u00f3n a quienes reclaman por su salario y sus derechos, los judiciales ratificamos que no renunciaremos a nuestros reclamos porque son justos y porque representan nuestra voluntad y dignidad. Por ello convocaremos en los pr\u00f3ximos d\u00edas a reuniones y asambleas en todas las filiales a fin de informar y debatir sobre las formas en que continuaremos con nuestros reclamos\u201d.<\/p>\n\n\n\n<p>\u201cFinalmente queremos dejar en claro a la sociedad que lo manifestado por el STJ en el Acuerdo que dispone los descuentos falta a la verdad ya que el pago del t\u00edtulo no respeta lo que establece la Ley 5143, Estatuto del Empleado Judicial, no incluye a todos los trabajadores y es en este momento s\u00f3lo un anuncio que no tiene ni reglamentaci\u00f3n ni mucho menos efectivizaci\u00f3n. Y que el resto de los reclamos no tienen a la fecha ninguna respuesta. Ni la recuperaci\u00f3n salarial, ni las designaciones a dedo por fuera de la ley, ni las modificaciones a los concursos que destruyen su trasparencia, habilitando la selecci\u00f3n arbitraria. Como tampoco se ha desistido en la intenci\u00f3n de eliminar el 82% m\u00f3vil que significar\u00eda el empobrecimiento de los trabajadores jubilados actuales y futuros\u201d.&nbsp; (APFDigital)<\/p>\n","protected":false},"excerpt":{"rendered":"<p>El Plenario Provincial de Delegados de AJER calific\u00f3 la decisi\u00f3n del Superior Tribunal de Justicia como una \u00abpr\u00e1ctica desleal\u00bb y un ataque directo al derecho constitucional de huelga. Ratificaron la continuidad del plan de lucha. Tras el anuncio del Superior Tribunal de Justicia (STJ) sobre la aplicaci\u00f3n de descuentos salariales a quienes participaron de las [&hellip;]<\/p>\n","protected":false},"author":2,"featured_media":8483,"comment_status":"closed","ping_status":"closed","sticky":false,"template":"","format":"standard","meta":{"_et_pb_use_builder":"","_et_pb_old_content":"","footnotes":""},"categories":[1],"tags":[],"class_list":["post-8482","post","type-post","status-publish","format-standard","has-post-thumbnail","hentry","category-sin-categoria"],"_links":{"self":[{"href":"https:\/\/diarioelfederaense.com.ar\/index.php?rest_route=\/wp\/v2\/posts\/8482"}],"collection":[{"href":"https:\/\/diarioelfederaense.com.ar\/index.php?rest_route=\/wp\/v2\/posts"}],"about":[{"href":"https:\/\/diarioelfederaense.com.ar\/index.php?rest_route=\/wp\/v2\/types\/post"}],"author":[{"embeddable":true,"href":"https:\/\/diarioelfederaense.com.ar\/index.php?rest_route=\/wp\/v2\/users\/2"}],"replies":[{"embeddable":true,"href":"https:\/\/diarioelfederaense.com.ar\/index.php?rest_route=%2Fwp%2Fv2%2Fcomments&post=8482"}],"version-history":[{"count":1,"href":"https:\/\/diarioelfederaense.com.ar\/index.php?rest_route=\/wp\/v2\/posts\/8482\/revisions"}],"predecessor-version":[{"id":8484,"href":"https:\/\/diarioelfederaense.com.ar\/index.php?rest_route=\/wp\/v2\/posts\/8482\/revisions\/8484"}],"wp:featuredmedia":[{"embeddable":true,"href":"https:\/\/diarioelfederaense.com.ar\/index.php?rest_route=\/wp\/v2\/media\/8483"}],"wp:attachment":[{"href":"https:\/\/diarioelfederaense.com.ar\/index.php?rest_route=%2Fwp%2Fv2%2Fmedia&parent=8482"}],"wp:term":[{"taxonomy":"category","embeddable":true,"href":"https:\/\/diarioelfederaense.com.ar\/index.php?rest_route=%2Fwp%2Fv2%2Fcategories&post=8482"},{"taxonomy":"post_tag","embeddable":true,"href":"https:\/\/diarioelfederaense.com.ar\/index.php?rest_route=%2Fwp%2Fv2%2Ftags&post=8482"}],"curies":[{"name":"wp","href":"https:\/\/api.w.org\/{rel}","templated":true}]}}