{"id":8477,"date":"2026-04-29T15:03:15","date_gmt":"2026-04-29T18:03:15","guid":{"rendered":"https:\/\/diarioelfederaense.com.ar\/?p=8477"},"modified":"2026-04-29T15:04:07","modified_gmt":"2026-04-29T18:04:07","slug":"y-mientras-tanto-vos-comiendo-carne-de-burro","status":"publish","type":"post","link":"https:\/\/diarioelfederaense.com.ar\/?p=8477","title":{"rendered":"Y MIENTRAS TANTO VOS COMIENDO CARNE DE BURRO&#8230;"},"content":{"rendered":"\n<p>Milei gast\u00f3 $437 millones en viajes en siete meses y llev\u00f3 a la esposa de Adorni a Nueva York como \u201cinvitada\u201d<\/p>\n\n\n\n<p>El Gobierno de Javier Milei gast\u00f3 al menos $437.756.995,51 en viajes oficiales al exterior entre septiembre de 2025 y marzo de 2026, seg\u00fan surge del informe de gesti\u00f3n escrito que la Jefatura de Gabinete, a cargo de Manuel Adorni, present\u00f3 este mi\u00e9rcoles por la ma\u00f1ana ante la C\u00e1mara de Diputados en el marco de su primera exposici\u00f3n ante el cuerpo legislativo. El documento ya est\u00e1 cargado en la web oficial de la C\u00e1mara baja.<\/p>\n\n\n\n<p>El detalle de los viajes oficiales de Milei aparece como respuesta a la Pregunta N\u00b0 1762 del Informe N\u00b0 140. Detalla trece traslados presidenciales al exterior clasificados como visitas de Estado u Oficiales. La pregunta tambi\u00e9n ped\u00eda informaci\u00f3n sobre viajes del propio Adorni, pero el informe aclara que \u201cel Estado Nacional no guarda registro respecto del destino, fechas exactas, duraci\u00f3n, y car\u00e1cter del viaje de vuelos personales llevados a cabo por sus funcionarios\u201d.<\/p>\n\n\n\n<p>En otra respuesta respecto al viaje a Nueva York de marzo pasado &#8211;el que destap\u00f3 el esc\u00e1ndalo Adorni porque llev\u00f3 a su esposa&#8211;, el informe de la Jefatura de Gabinete reconoce que Bettina Angeletti viaj\u00f3 \u201cen car\u00e1cter de invitada\u201d, seg\u00fan palabras textuales. No hay m\u00e1s informaci\u00f3n al respecto. D\u00edas atr\u00e1s, la Justicia archiv\u00f3 una causa abierta contra Adorni por ese viaje en particular, ya que seg\u00fan la Ley de \u00c9tica P\u00fablica los funcionarios no pueden hacer uso personal de los recursos del Estado. El juez Daniel Rafecas consider\u00f3 que sumar a Angeletti al avi\u00f3n presidencial no gener\u00f3 costos adicionales al Estado porque hab\u00eda asientos disponibles.<\/p>\n\n\n\n<p>Las preguntas de los diputados fueron realizadas al Gobierno apenas d\u00edas despu\u00e9s de que se conociera el viaje de la esposa de Angeletti pero antes de que crecieran las dudas sobre su patrimonio, lo que motiv\u00f3 la investigaci\u00f3n que est\u00e1 llevando adelante el juez Ariel Lijo y el fiscal Gerardo Pollicita. Sin embargo en la pregunta N\u00b0 1780 se le pidi\u00f3 al Gobierno detalle de la evoluci\u00f3n patrimonial de Adorni y su c\u00f3nyuge, y la respuesta que present\u00f3 la Jefatura de Gabinete es que la declaraci\u00f3n jurada del funcionario ya es p\u00fablica y que los bienes de la c\u00f3nyuge est\u00e1n en el Anexo Reservado del Formulario 1246, de car\u00e1cter confidencial. Adorni omiti\u00f3 en sus DDJJ del a\u00f1o pasado el departamento en Caballito donde vive ahora y la casa en el country Indio Cu\u00e1 que est\u00e1 a nombre de Angeletti.<\/p>\n\n\n\n<p>El viaje m\u00e1s caro: tres d\u00edas en Nueva York, $115 millones<\/p>\n\n\n\n<p>El desplazamiento de mayor costo fue el que llev\u00f3 a Milei a Nueva York entre el 23 y el 25 de septiembre de 2025 para participar de la 80\u00b0 Asamblea General de las Naciones Unidas. El gasto total ascendi\u00f3 a $115.704.550, aloj\u00e1ndose la comitiva en el Hotel The Langham. Acompa\u00f1aron al presidente el entonces ministro de Defensa Luis Petri, el ministro de Econom\u00eda Luis Andr\u00e9s Caputo, la secretaria general de la Presidencia Karina Milei, el entonces secretario de Comunicaci\u00f3n Manuel Adorni \u2014hoy jefe de Gabinete\u2014 y el secretario de Pol\u00edtica Econ\u00f3mica Jos\u00e9 Luis Daza. En esa visita, Milei se reuni\u00f3 con Donald Trump, Benjamin Netanyahu, la directora del FMI Kristalina Georgieva y el economista Nouriel Roubini, entre otros, y recibi\u00f3 el Premio Ciudadano Global 2025 del Atlantic Council.<\/p>\n\n\n\n<p>Davos, Miami y Santiago: los otros grandes gastos<\/p>\n\n\n\n<p>El segundo gasto m\u00e1s elevado corresponde a la participaci\u00f3n de Milei en el Foro Econ\u00f3mico Mundial de Davos, del 20 al 23 de enero de 2026, donde se aloj\u00f3 en el Steigenberger Grandhotel Belv\u00e9d\u00e8re. Junto al presidente viajaron Caputo, el canciller Pablo Quirno, el ministro Federico Sturzenegger y Karina Milei. El costo fue de $73.179.186,07.<\/p>\n\n\n\n<p>En tercer lugar aparece el viaje m\u00e1s extenso del per\u00edodo: entre el 6 y el 10 de marzo de 2026, Milei recorri\u00f3 Miami, Nueva York y Santiago de Chile \u2014para la transmisi\u00f3n de mando presidencial chilena\u2014, con una escala previa en Bolivia el 8 de noviembre de 2025. El monto total del tramo SAF 301 para ese per\u00edodo fue de $85.667.704,47. En Miami se aloj\u00f3 en el Hotel Trump National Doral; en Nueva York, nuevamente en el The Langham; y en Santiago, en el Hotel Sheraton, cortes\u00eda del gobierno chileno. Fue ese el viaje donde estall\u00f3 el esc\u00e1ndalo de Adorni y su esposa, con el funcionario argumentando que estaba \u201cdeslom\u00e1ndose\u201d en Nueva York por el Argentina Week.<\/p>\n\n\n\n<p>El tramo de Miami y Bolivia del 6 al 8 de noviembre de 2025 \u2014que incluy\u00f3 el \u201cAmerica Business Forum\u201d, una gala de CPAC en Palm Beach, reuniones con empresarios en Nueva York y la transmisi\u00f3n de mando en La Paz\u2014 demand\u00f3 $72.897.813,30.<\/p>\n\n\n\n<p>El Waldorf Astoria<\/p>\n\n\n\n<p>El primer viaje oficial registrado en este informe es el de Los \u00c1ngeles el 4 y 5 de septiembre de 2025, donde Milei \u2014acompa\u00f1ado \u00fanicamente por el ministro Caputo\u2014 se reuni\u00f3 con referentes empresariales y de inversiones. Se aloj\u00f3 en el Hotel Waldorf Astoria, con un costo de $12.383.791,38.<\/p>\n\n\n\n<p>D\u00edas despu\u00e9s, entre el 16 y el 17 de septiembre, viaj\u00f3 a Asunci\u00f3n para una visita de Estado que incluy\u00f3 una reuni\u00f3n bilateral con el presidente Santiago Pe\u00f1a, una sesi\u00f3n de honor del Congreso paraguayo y la apertura de la CPAC en esa ciudad. Fue acompa\u00f1ado por Karina Milei. Se aloj\u00f3 en el Hotel Palmaroga, cortes\u00eda del Estado paraguayo, pero el viaje en s\u00ed cost\u00f3 $3.205.931,63.<\/p>\n\n\n\n<p>Washington, Oslo y el Mercosur<\/p>\n\n\n\n<p>El 14 de octubre de 2025, Milei fue a Washington para un almuerzo bilateral con Trump y una ceremonia de homenaje a Charlie Kirk en la Casa Blanca. Lo acompa\u00f1aron Gerardo Wertein, Caputo, Patricia Bullrich, Karina Milei y Santiago Bausili. Se aloj\u00f3 en la Blair House, residencia oficial de hu\u00e9spedes del gobierno estadounidense, pero no se evit\u00f3 un gasto de $17.652.800.<\/p>\n\n\n\n<p>En diciembre, Milei viaj\u00f3 a Oslo \u20149 y 10 de diciembre de 2025\u2014 para asistir a la entrega del Premio Nobel de la Paz a Mar\u00eda Corina Machado, junto a Quirno y Karina Milei, aloj\u00e1ndose en el Grand Hotel por un costo de $25.951.400,02. Ese mismo mes, el 20 de diciembre, particip\u00f3 de la Cumbre del Mercosur en Foz do Igua\u00e7u, aloj\u00e1ndose en el Belmond Hotel Cataratas \u2014cortes\u00eda del pa\u00eds anfitri\u00f3n\u2014 con un gasto de $1.096.390,11.<\/p>\n\n\n\n<p>2026: Madrid, Budapest y m\u00e1s<\/p>\n\n\n\n<p>El a\u00f1o arranc\u00f3 con un regreso a Asunci\u00f3n el 17 de enero para la firma del acuerdo Mercosur-Uni\u00f3n Europea ($1.046.540,66) y continu\u00f3 con el viaje a Washington del 18 y 19 de febrero para el \u201cBoard of Peace\u201d, con alojamiento en el Ritz-Carlton por $13.645.725,51.<\/p>\n\n\n\n<p>En Madrid, del 13 al 14 de marzo, Milei particip\u00f3 del \u201cMadrid Economic Forum 2026\u201d y recibi\u00f3 el premio conmemorativo en honor a Ludwig von Mises del Instituto Mises, aloj\u00e1ndose en el Hyatt Regency Hesperia. El gasto: $15.325.162,36.<\/p>\n\n\n\n<p>Finalmente, el 20 y 21 de marzo viaj\u00f3 a Budapest para reunirse con el presidente Tamas Sulyok y el primer ministro Viktor Orb\u00e1n, participar de la CPAC h\u00fangara y recibir el t\u00edtulo \u201cCivis Universitatis Honoris Causa\u201d de la Ludovika University. En este caso no hubo costo registrado: se aloj\u00f3 en el Hotel Marriott Dorothea como cortes\u00eda del Estado anfitri\u00f3n.<\/p>\n\n\n\n<p>El contexto de la presentaci\u00f3n<\/p>\n\n\n\n<p>Los datos surgen del informe de gesti\u00f3n presentado este mi\u00e9rcoles por Adorni, quien llega al Congreso en su peor momento pol\u00edtico: investigado judicialmente por presunto enriquecimiento il\u00edcito y con cuestionamientos por sus propios viajes al exterior. El informe es oficial y fue elaborado por la Subsecretar\u00eda de Asuntos Presidenciales y la Subsecretar\u00eda de Coordinaci\u00f3n Administrativa.<\/p>\n\n\n\n<p>El documento aclara que todos los desplazamientos presidenciales fueron realizados \u201cen car\u00e1cter de visita de Estado u Oficial\u201d y que los detalles del personal de seguridad no se divulgan por razones operativas, en el marco del Decreto N\u00b0 50\/2019.<\/p>\n\n\n\n<p>(Fuente: elDiarioAr)<\/p>\n","protected":false},"excerpt":{"rendered":"<p>Milei gast\u00f3 $437 millones en viajes en siete meses y llev\u00f3 a la esposa de Adorni a Nueva York como \u201cinvitada\u201d El Gobierno de Javier Milei gast\u00f3 al menos $437.756.995,51 en viajes oficiales al exterior entre septiembre de 2025 y marzo de 2026, seg\u00fan surge del informe de gesti\u00f3n escrito que la Jefatura de Gabinete, [&hellip;]<\/p>\n","protected":false},"author":2,"featured_media":8481,"comment_status":"closed","ping_status":"closed","sticky":false,"template":"","format":"standard","meta":{"_et_pb_use_builder":"","_et_pb_old_content":"","footnotes":""},"categories":[1],"tags":[],"class_list":["post-8477","post","type-post","status-publish","format-standard","has-post-thumbnail","hentry","category-sin-categoria"],"_links":{"self":[{"href":"https:\/\/diarioelfederaense.com.ar\/index.php?rest_route=\/wp\/v2\/posts\/8477"}],"collection":[{"href":"https:\/\/diarioelfederaense.com.ar\/index.php?rest_route=\/wp\/v2\/posts"}],"about":[{"href":"https:\/\/diarioelfederaense.com.ar\/index.php?rest_route=\/wp\/v2\/types\/post"}],"author":[{"embeddable":true,"href":"https:\/\/diarioelfederaense.com.ar\/index.php?rest_route=\/wp\/v2\/users\/2"}],"replies":[{"embeddable":true,"href":"https:\/\/diarioelfederaense.com.ar\/index.php?rest_route=%2Fwp%2Fv2%2Fcomments&post=8477"}],"version-history":[{"count":1,"href":"https:\/\/diarioelfederaense.com.ar\/index.php?rest_route=\/wp\/v2\/posts\/8477\/revisions"}],"predecessor-version":[{"id":8479,"href":"https:\/\/diarioelfederaense.com.ar\/index.php?rest_route=\/wp\/v2\/posts\/8477\/revisions\/8479"}],"wp:featuredmedia":[{"embeddable":true,"href":"https:\/\/diarioelfederaense.com.ar\/index.php?rest_route=\/wp\/v2\/media\/8481"}],"wp:attachment":[{"href":"https:\/\/diarioelfederaense.com.ar\/index.php?rest_route=%2Fwp%2Fv2%2Fmedia&parent=8477"}],"wp:term":[{"taxonomy":"category","embeddable":true,"href":"https:\/\/diarioelfederaense.com.ar\/index.php?rest_route=%2Fwp%2Fv2%2Fcategories&post=8477"},{"taxonomy":"post_tag","embeddable":true,"href":"https:\/\/diarioelfederaense.com.ar\/index.php?rest_route=%2Fwp%2Fv2%2Ftags&post=8477"}],"curies":[{"name":"wp","href":"https:\/\/api.w.org\/{rel}","templated":true}]}}