{"id":8471,"date":"2026-04-29T14:45:42","date_gmt":"2026-04-29T17:45:42","guid":{"rendered":"https:\/\/diarioelfederaense.com.ar\/?p=8471"},"modified":"2026-04-29T14:45:43","modified_gmt":"2026-04-29T17:45:43","slug":"organizaciones-y-gremios-exigen-la-declaracion-de-emergencia-en-salud-mental-ante-un-sistema-fragil-y-precarizado","status":"publish","type":"post","link":"https:\/\/diarioelfederaense.com.ar\/?p=8471","title":{"rendered":"Organizaciones y gremios exigen la Declaraci\u00f3n de Emergencia en Salud Mental ante un sistema \u00abfr\u00e1gil y precarizado\u00bb"},"content":{"rendered":"\n<p>Referentes de salud mental analizaron y cuestionaron las cifras que expuso el Ministro de Salud respecto a la tasa de suicidios de la provincia. En di\u00e1logo con APFDigital denunciaron un sistema \u00abfr\u00e1gil\u00bb y alertaron sobre cifras \u00abescalofriantes\u00bb en j\u00f3venes, mientras el oficialismo se niega a declarar la emergencia.<\/p>\n\n\n\n<p>Ante la situaci\u00f3n cr\u00edtica respecto a la salud mental y las estad\u00edsticas altas de suicidios en Entre R\u00edos, el 8 de abril se aprob\u00f3 en Diputados una interpelaci\u00f3n al Ministro de Salud, Daniel Blanzaco, para que brinde ante los legisladores un informe sobre estad\u00edsticas, pol\u00edticas de prevenci\u00f3n y recursos presupuestarios asignados para abordar la problem\u00e1tica en el territorio provincial y lo hizo este martes por la ma\u00f1ana.<\/p>\n\n\n\n<p>Cabe destacar que entre los palcos se encontraban el Secretario de Derechos Humanos de ATE y trabajador del Hospital Escuela de Salud Mental, Mat\u00edas Passi, y la creadora de la Fundaci\u00f3n Crescer (Caminos de Revalorizaci\u00f3n con Educaci\u00f3n, Salud y Cultura en Entre R\u00edos), trabajadora de la Agencia de Salud Mental e integrante de la Mesa por la Salud Mental de Entre R\u00edos, Sandra Cislaghi, quienes dialogaron con esta Agencia y brindaron su punto de vista tras el debate en la C\u00e1mara Baja.<\/p>\n\n\n\n<p>Salud Mental: El Ministro Blanzaco enfrent\u00f3 duras cr\u00edticas en Diputados por la falta de recursos y datos desactualizados<\/p>\n\n\n\n<p>Advierten que el sistema p\u00fablico de salud mental en la provincia est\u00e1 \u201ccolapsado\u201d<\/p>\n\n\n\n<p>El impacto social como detonante<\/p>\n\n\n\n<p>Para los sectores gremiales, la crisis no puede escindirse del contexto macroecon\u00f3mico. El referente de ATE fue tajante al se\u00f1alar que la ra\u00edz del conflicto excede la gesti\u00f3n de una cartera espec\u00edfica: \u00abEl problema es el gobierno nacional y el alineamiento del gobierno provincial con la Naci\u00f3n en llevar adelante un plan econ\u00f3mico de ajuste que genera necesidad en la gente en acceso al alimento, al trabajo, a la vivienda y la educaci\u00f3n\u00bb.<\/p>\n\n\n\n<p>Seg\u00fan el dirigente, este escenario socioecon\u00f3mico \u00abincrementa la demanda en el sector p\u00fablico por problem\u00e1ticas de salud mental, ya que la gente no tiene recursos para asistir al sector privado\u00bb.<\/p>\n\n\n\n<p>Passi describi\u00f3 un sistema de salud \u00abfr\u00e1gil, precarizado y con salarios muy bajos\u00bb, advirtiendo que para abordar la problem\u00e1tica \u2014especialmente en j\u00f3venes\u2014 es imposible ignorar las condiciones sociales actuales: \u00abEl Ministro intent\u00f3 abocarse estrictamente a lo contemplado por la demanda, que era puntualizar sobre los suicidios, pero los diputados ampliaron la problem\u00e1tica a una cuesti\u00f3n social\u00bb.<\/p>\n\n\n\n<p>Cislaghi: \u00abNo podemos naturalizar un suicidio por d\u00eda\u00bb<\/p>\n\n\n\n<p>Por su parte, la ex titular de la Fundaci\u00f3n Crescer profundiz\u00f3 en la gravedad de las estad\u00edsticas que manejan las organizaciones y que, seg\u00fan advierti\u00f3, no siempre se reflejan en los datos oficiales.<\/p>\n\n\n\n<p>\u00abEntre R\u00edos est\u00e1 viviendo una emergencia de salud mental grav\u00edsima; las cifras son escalofriantes. No podemos naturalizar un suicidio por d\u00eda en la provincia, ni que el inicio del consumo de drogas comience a los 9 u 11 a\u00f1os\u00bb, alert\u00f3 la referente de la Mesa de Salud Mental.<\/p>\n\n\n\n<p>Cabe destacar que la Fundaci\u00f3n Crescer es una organizaci\u00f3n no gubernamental con sede en Paran\u00e1 y Gualeguaych\u00fa dedicada a la prevenci\u00f3n y asistencia integral de adicciones y consumos problem\u00e1ticos, enfoc\u00e1ndose en la salud mental comunitaria y el acompa\u00f1amiento de j\u00f3venes.<\/p>\n\n\n\n<p>Cislaghi subray\u00f3 que la falta de una red integral deja a los sectores m\u00e1s vulnerables a la deriva y manifest\u00f3 que \u00abseis de cada 10 j\u00f3venes entrerrianos tienen s\u00edntomas de depresi\u00f3n y ansiedad, y el 40% asegura que no existe un espacio que los contenga dentro de su comunidad. Se sienten abandonados\u00bb.<\/p>\n\n\n\n<p>Para la fundadora de Crescer, el abordaje debe ser comunitario: \u00abNo se puede pensar en salud mental desconectado de la realidad. Hoy hay un dispositivo que no funciona; necesitamos una ley que obligue a la construcci\u00f3n de pol\u00edticas p\u00fablicas en el territorio\u00bb.<\/p>\n\n\n\n<p>La pulseada por la Emergencia<\/p>\n\n\n\n<p>A pesar del tono respetuoso de la jornada, la principal diferencia sigue siendo pol\u00edtica. Mientras la Mesa por la Salud Mental y los bloques opositores pujan por la declaraci\u00f3n de la emergencia para agilizar recursos, el Ejecutivo mantiene el freno.<\/p>\n\n\n\n<p>Un dato clave es el consenso alcanzado en la oposici\u00f3n respecto al proyecto de Ley de Emergencia en Salud Mental: La iniciativa fue presentada por el bloque de La Libertad Avanza (LLA) y el justicialismo asegur\u00f3, durante el debate, que acompa\u00f1ar\u00e1 la propuesta.<\/p>\n\n\n\n<p>\u00abHay una diferencia clara en la necesidad de la declaraci\u00f3n de emergencia, la cual est\u00e1 pedida tanto en diputados como en senadores y no hay aceptaci\u00f3n por parte del gobierno de avanzar\u00bb, concluy\u00f3 Passi. (APFDigital)<\/p>\n","protected":false},"excerpt":{"rendered":"<p>Referentes de salud mental analizaron y cuestionaron las cifras que expuso el Ministro de Salud respecto a la tasa de suicidios de la provincia. En di\u00e1logo con APFDigital denunciaron un sistema \u00abfr\u00e1gil\u00bb y alertaron sobre cifras \u00abescalofriantes\u00bb en j\u00f3venes, mientras el oficialismo se niega a declarar la emergencia. Ante la situaci\u00f3n cr\u00edtica respecto a la [&hellip;]<\/p>\n","protected":false},"author":2,"featured_media":8472,"comment_status":"closed","ping_status":"closed","sticky":false,"template":"","format":"standard","meta":{"_et_pb_use_builder":"","_et_pb_old_content":"","footnotes":""},"categories":[1],"tags":[],"class_list":["post-8471","post","type-post","status-publish","format-standard","has-post-thumbnail","hentry","category-sin-categoria"],"_links":{"self":[{"href":"https:\/\/diarioelfederaense.com.ar\/index.php?rest_route=\/wp\/v2\/posts\/8471"}],"collection":[{"href":"https:\/\/diarioelfederaense.com.ar\/index.php?rest_route=\/wp\/v2\/posts"}],"about":[{"href":"https:\/\/diarioelfederaense.com.ar\/index.php?rest_route=\/wp\/v2\/types\/post"}],"author":[{"embeddable":true,"href":"https:\/\/diarioelfederaense.com.ar\/index.php?rest_route=\/wp\/v2\/users\/2"}],"replies":[{"embeddable":true,"href":"https:\/\/diarioelfederaense.com.ar\/index.php?rest_route=%2Fwp%2Fv2%2Fcomments&post=8471"}],"version-history":[{"count":1,"href":"https:\/\/diarioelfederaense.com.ar\/index.php?rest_route=\/wp\/v2\/posts\/8471\/revisions"}],"predecessor-version":[{"id":8473,"href":"https:\/\/diarioelfederaense.com.ar\/index.php?rest_route=\/wp\/v2\/posts\/8471\/revisions\/8473"}],"wp:featuredmedia":[{"embeddable":true,"href":"https:\/\/diarioelfederaense.com.ar\/index.php?rest_route=\/wp\/v2\/media\/8472"}],"wp:attachment":[{"href":"https:\/\/diarioelfederaense.com.ar\/index.php?rest_route=%2Fwp%2Fv2%2Fmedia&parent=8471"}],"wp:term":[{"taxonomy":"category","embeddable":true,"href":"https:\/\/diarioelfederaense.com.ar\/index.php?rest_route=%2Fwp%2Fv2%2Fcategories&post=8471"},{"taxonomy":"post_tag","embeddable":true,"href":"https:\/\/diarioelfederaense.com.ar\/index.php?rest_route=%2Fwp%2Fv2%2Ftags&post=8471"}],"curies":[{"name":"wp","href":"https:\/\/api.w.org\/{rel}","templated":true}]}}