{"id":8465,"date":"2026-04-29T11:12:56","date_gmt":"2026-04-29T14:12:56","guid":{"rendered":"https:\/\/diarioelfederaense.com.ar\/?p=8465"},"modified":"2026-04-29T11:12:57","modified_gmt":"2026-04-29T14:12:57","slug":"el-achique-sigue","status":"publish","type":"post","link":"https:\/\/diarioelfederaense.com.ar\/?p=8465","title":{"rendered":"EL ACHIQUE SIGUE&#8230;"},"content":{"rendered":"\n<p>EL SENADO EXPRES\u00d3 SU PREOCUPACI\u00d3N POR EL CIERRE DEL CASINO EN LA CIUDAD DE LA PAZ<\/p>\n\n\n\n<p>La C\u00e1mara aprob\u00f3 un proyecto de comunicaci\u00f3n que expresa la \u201cprofunda preocupaci\u00f3n\u201d por la decisi\u00f3n del Iafas de cerrar la Unidad de Negocio de la ciudad de La Paz a partir del d\u00eda 1 de junio. En Diputados ya se hab\u00eda solicitado al Poder Ejecutivo provincial que brinde precisiones sobre el posible cierre de esa sala, que afectar\u00eda a alrededor de 20 familias.<\/p>\n\n\n\n<p>La C\u00e1mara de Senadores de Entre R\u00edos celebr\u00f3 este martes su 5\u00ba Sesi\u00f3n Ordinaria correspondiente al 147\u00ba Periodo Legislativo. El cuerpo aprob\u00f3 un proyecto de Comunicaci\u00f3n de autor\u00eda de la senadora D\u00edaz, en el cual se ve con profunda preocupaci\u00f3n la decisi\u00f3n adoptada por el Instituto de Ayuda Financiera a la Acci\u00f3n Social (Iafas) mediante Resoluci\u00f3n N.\u00ba 0253 DIR. IAFAS, de fecha 23 de abril de 2026, por la cual se dispone el cierre de la Unidad de Negocio de la ciudad de La Paz a partir del d\u00eda 1 de junio de 2026. (Expediente N\u00b0 15.687).<\/p>\n\n\n\n<p>La semana pasada, un proyecto de resoluci\u00f3n ingresado a la C\u00e1mara de Diputados solicit\u00f3 al Poder Ejecutivo Provincial que informe de manera \u201cclara y detallada\u201d la situaci\u00f3n de esa sala de juego, ante informaci\u00f3n period\u00edstica que daba cuenta de su posible cierre. En la iniciativa tambi\u00e9n se solicitaban precisiones respecto a la cantidad de trabajadores que quedar\u00edan comprendidos por la medida.<\/p>\n","protected":false},"excerpt":{"rendered":"<p>EL SENADO EXPRES\u00d3 SU PREOCUPACI\u00d3N POR EL CIERRE DEL CASINO EN LA CIUDAD DE LA PAZ La C\u00e1mara aprob\u00f3 un proyecto de comunicaci\u00f3n que expresa la \u201cprofunda preocupaci\u00f3n\u201d por la decisi\u00f3n del Iafas de cerrar la Unidad de Negocio de la ciudad de La Paz a partir del d\u00eda 1 de junio. En Diputados ya [&hellip;]<\/p>\n","protected":false},"author":2,"featured_media":8466,"comment_status":"closed","ping_status":"closed","sticky":false,"template":"","format":"standard","meta":{"_et_pb_use_builder":"","_et_pb_old_content":"","footnotes":""},"categories":[1],"tags":[],"class_list":["post-8465","post","type-post","status-publish","format-standard","has-post-thumbnail","hentry","category-sin-categoria"],"_links":{"self":[{"href":"https:\/\/diarioelfederaense.com.ar\/index.php?rest_route=\/wp\/v2\/posts\/8465"}],"collection":[{"href":"https:\/\/diarioelfederaense.com.ar\/index.php?rest_route=\/wp\/v2\/posts"}],"about":[{"href":"https:\/\/diarioelfederaense.com.ar\/index.php?rest_route=\/wp\/v2\/types\/post"}],"author":[{"embeddable":true,"href":"https:\/\/diarioelfederaense.com.ar\/index.php?rest_route=\/wp\/v2\/users\/2"}],"replies":[{"embeddable":true,"href":"https:\/\/diarioelfederaense.com.ar\/index.php?rest_route=%2Fwp%2Fv2%2Fcomments&post=8465"}],"version-history":[{"count":1,"href":"https:\/\/diarioelfederaense.com.ar\/index.php?rest_route=\/wp\/v2\/posts\/8465\/revisions"}],"predecessor-version":[{"id":8467,"href":"https:\/\/diarioelfederaense.com.ar\/index.php?rest_route=\/wp\/v2\/posts\/8465\/revisions\/8467"}],"wp:featuredmedia":[{"embeddable":true,"href":"https:\/\/diarioelfederaense.com.ar\/index.php?rest_route=\/wp\/v2\/media\/8466"}],"wp:attachment":[{"href":"https:\/\/diarioelfederaense.com.ar\/index.php?rest_route=%2Fwp%2Fv2%2Fmedia&parent=8465"}],"wp:term":[{"taxonomy":"category","embeddable":true,"href":"https:\/\/diarioelfederaense.com.ar\/index.php?rest_route=%2Fwp%2Fv2%2Fcategories&post=8465"},{"taxonomy":"post_tag","embeddable":true,"href":"https:\/\/diarioelfederaense.com.ar\/index.php?rest_route=%2Fwp%2Fv2%2Ftags&post=8465"}],"curies":[{"name":"wp","href":"https:\/\/api.w.org\/{rel}","templated":true}]}}