{"id":8456,"date":"2026-04-29T09:29:27","date_gmt":"2026-04-29T12:29:27","guid":{"rendered":"https:\/\/diarioelfederaense.com.ar\/?p=8456"},"modified":"2026-04-29T09:29:28","modified_gmt":"2026-04-29T12:29:28","slug":"conductora-concordiense-protagonizo-un-despiste-en-la-autovia-14-y-termino-sobre-el-guardarrail","status":"publish","type":"post","link":"https:\/\/diarioelfederaense.com.ar\/?p=8456","title":{"rendered":"Conductora concordiense protagoniz\u00f3 un despiste en la Autov\u00eda 14 y termin\u00f3 sobre el guardarrail"},"content":{"rendered":"\n<p>Una mujer oriunda de Concordia perdi\u00f3 el control de su veh\u00edculo cuando circulaba hacia Chajar\u00ed. Afortunadamente no sufri\u00f3 lesiones de consideraci\u00f3n.<\/p>\n\n\n\n<p>En la tarde de este martes se registr\u00f3 un siniestro vial en la Autov\u00eda 14, a la altura del kil\u00f3metro 315, en el carril Sur-Norte. La protagonista fue una conductora concordiense que, por causas que se tratan de establecer, perdi\u00f3 el control de su autom\u00f3vil y termin\u00f3 montando sobre el guardarrail.<\/p>\n\n\n\n<p>El veh\u00edculo involucrado es un Peugeot 308, que circulaba desde Concordia con destino a la ciudad de Chajar\u00ed.<\/p>\n\n\n\n<p>Sin personas lesionadas<\/p>\n\n\n\n<p>De acuerdo a la informaci\u00f3n policial, el hecho no dej\u00f3 personas heridas, aunque s\u00ed gener\u00f3 la intervenci\u00f3n de personal policial para asistir a la mujer y ordenar la situaci\u00f3n en el lugar.<\/p>\n\n\n\n<p>Efectivos de la Polic\u00eda de Entre R\u00edos, pertenecientes a la Comisar\u00eda 20 de Colonia Alemana, acudieron al lugar del hecho, brindaron auxilio y acompa\u00f1aron a la conductora hasta la llegada del cami\u00f3n de auxilio.<\/p>\n\n\n\n<p>Asimismo, tom\u00f3 intervenci\u00f3n la Subcomisar\u00eda del barrio El Tag\u00fc\u00e9 de Chajar\u00ed, que llev\u00f3 adelante las actuaciones administrativas correspondientes bajo la supervisi\u00f3n del oficial a cargo.<\/p>\n\n\n\n<p>FUENTE: Diario UNO<\/p>\n","protected":false},"excerpt":{"rendered":"<p>Una mujer oriunda de Concordia perdi\u00f3 el control de su veh\u00edculo cuando circulaba hacia Chajar\u00ed. Afortunadamente no sufri\u00f3 lesiones de consideraci\u00f3n. En la tarde de este martes se registr\u00f3 un siniestro vial en la Autov\u00eda 14, a la altura del kil\u00f3metro 315, en el carril Sur-Norte. La protagonista fue una conductora concordiense que, por causas [&hellip;]<\/p>\n","protected":false},"author":2,"featured_media":8457,"comment_status":"closed","ping_status":"closed","sticky":false,"template":"","format":"standard","meta":{"_et_pb_use_builder":"","_et_pb_old_content":"","footnotes":""},"categories":[1],"tags":[],"class_list":["post-8456","post","type-post","status-publish","format-standard","has-post-thumbnail","hentry","category-sin-categoria"],"_links":{"self":[{"href":"https:\/\/diarioelfederaense.com.ar\/index.php?rest_route=\/wp\/v2\/posts\/8456"}],"collection":[{"href":"https:\/\/diarioelfederaense.com.ar\/index.php?rest_route=\/wp\/v2\/posts"}],"about":[{"href":"https:\/\/diarioelfederaense.com.ar\/index.php?rest_route=\/wp\/v2\/types\/post"}],"author":[{"embeddable":true,"href":"https:\/\/diarioelfederaense.com.ar\/index.php?rest_route=\/wp\/v2\/users\/2"}],"replies":[{"embeddable":true,"href":"https:\/\/diarioelfederaense.com.ar\/index.php?rest_route=%2Fwp%2Fv2%2Fcomments&post=8456"}],"version-history":[{"count":1,"href":"https:\/\/diarioelfederaense.com.ar\/index.php?rest_route=\/wp\/v2\/posts\/8456\/revisions"}],"predecessor-version":[{"id":8458,"href":"https:\/\/diarioelfederaense.com.ar\/index.php?rest_route=\/wp\/v2\/posts\/8456\/revisions\/8458"}],"wp:featuredmedia":[{"embeddable":true,"href":"https:\/\/diarioelfederaense.com.ar\/index.php?rest_route=\/wp\/v2\/media\/8457"}],"wp:attachment":[{"href":"https:\/\/diarioelfederaense.com.ar\/index.php?rest_route=%2Fwp%2Fv2%2Fmedia&parent=8456"}],"wp:term":[{"taxonomy":"category","embeddable":true,"href":"https:\/\/diarioelfederaense.com.ar\/index.php?rest_route=%2Fwp%2Fv2%2Fcategories&post=8456"},{"taxonomy":"post_tag","embeddable":true,"href":"https:\/\/diarioelfederaense.com.ar\/index.php?rest_route=%2Fwp%2Fv2%2Ftags&post=8456"}],"curies":[{"name":"wp","href":"https:\/\/api.w.org\/{rel}","templated":true}]}}