{"id":8452,"date":"2026-04-29T09:20:33","date_gmt":"2026-04-29T12:20:33","guid":{"rendered":"https:\/\/diarioelfederaense.com.ar\/?p=8452"},"modified":"2026-04-29T09:20:34","modified_gmt":"2026-04-29T12:20:34","slug":"se-confirmo-el-cronograma-de-pagos-para-la-administracion-publica-entrerriana","status":"publish","type":"post","link":"https:\/\/diarioelfederaense.com.ar\/?p=8452","title":{"rendered":"Se confirm\u00f3 el cronograma de pagos para la administraci\u00f3n p\u00fablica entrerriana"},"content":{"rendered":"\n<p>El cronograma de pagos de haberes correspondientes al mes de abril de 2026 para activos y pasivos de la administraci\u00f3n p\u00fablica entrerriana iniciar\u00e1 este viernes y concluir\u00e1 el pr\u00f3ximo 8 de mayo.<\/p>\n\n\n\n<p>El pago comenzar\u00e1 a acreditarse a partir del viernes de 1 de mayo de 2026 y se realizar\u00e1 de manera escalonada, de acuerdo con los tramos salariales establecidos.<\/p>\n\n\n\n<p>El detalle del cronograma<\/p>\n\n\n\n<p>Lunes 4 de mayo (acreditaci\u00f3n el viernes 1 de mayo): hasta 1.160.000 pesos.<\/p>\n\n\n\n<p>Martes 5 de mayo: desde 1.160.001 hasta 1.340.000 pesos.<\/p>\n\n\n\n<p>Mi\u00e9rcoles 6 de mayo: desde 1.340.001 hasta 1.650.000 pesos.<\/p>\n\n\n\n<p>Jueves 7 de mayo: desde 1.650.001 hasta 2.200.000 pesos.<\/p>\n\n\n\n<p>Viernes 8 de mayo: m\u00e1s de 2.200.001 pesos.<\/p>\n","protected":false},"excerpt":{"rendered":"<p>El cronograma de pagos de haberes correspondientes al mes de abril de 2026 para activos y pasivos de la administraci\u00f3n p\u00fablica entrerriana iniciar\u00e1 este viernes y concluir\u00e1 el pr\u00f3ximo 8 de mayo. El pago comenzar\u00e1 a acreditarse a partir del viernes de 1 de mayo de 2026 y se realizar\u00e1 de manera escalonada, de acuerdo [&hellip;]<\/p>\n","protected":false},"author":2,"featured_media":8453,"comment_status":"closed","ping_status":"closed","sticky":false,"template":"","format":"standard","meta":{"_et_pb_use_builder":"","_et_pb_old_content":"","footnotes":""},"categories":[1],"tags":[],"class_list":["post-8452","post","type-post","status-publish","format-standard","has-post-thumbnail","hentry","category-sin-categoria"],"_links":{"self":[{"href":"https:\/\/diarioelfederaense.com.ar\/index.php?rest_route=\/wp\/v2\/posts\/8452"}],"collection":[{"href":"https:\/\/diarioelfederaense.com.ar\/index.php?rest_route=\/wp\/v2\/posts"}],"about":[{"href":"https:\/\/diarioelfederaense.com.ar\/index.php?rest_route=\/wp\/v2\/types\/post"}],"author":[{"embeddable":true,"href":"https:\/\/diarioelfederaense.com.ar\/index.php?rest_route=\/wp\/v2\/users\/2"}],"replies":[{"embeddable":true,"href":"https:\/\/diarioelfederaense.com.ar\/index.php?rest_route=%2Fwp%2Fv2%2Fcomments&post=8452"}],"version-history":[{"count":1,"href":"https:\/\/diarioelfederaense.com.ar\/index.php?rest_route=\/wp\/v2\/posts\/8452\/revisions"}],"predecessor-version":[{"id":8454,"href":"https:\/\/diarioelfederaense.com.ar\/index.php?rest_route=\/wp\/v2\/posts\/8452\/revisions\/8454"}],"wp:featuredmedia":[{"embeddable":true,"href":"https:\/\/diarioelfederaense.com.ar\/index.php?rest_route=\/wp\/v2\/media\/8453"}],"wp:attachment":[{"href":"https:\/\/diarioelfederaense.com.ar\/index.php?rest_route=%2Fwp%2Fv2%2Fmedia&parent=8452"}],"wp:term":[{"taxonomy":"category","embeddable":true,"href":"https:\/\/diarioelfederaense.com.ar\/index.php?rest_route=%2Fwp%2Fv2%2Fcategories&post=8452"},{"taxonomy":"post_tag","embeddable":true,"href":"https:\/\/diarioelfederaense.com.ar\/index.php?rest_route=%2Fwp%2Fv2%2Ftags&post=8452"}],"curies":[{"name":"wp","href":"https:\/\/api.w.org\/{rel}","templated":true}]}}