{"id":8444,"date":"2026-04-29T09:08:43","date_gmt":"2026-04-29T12:08:43","guid":{"rendered":"https:\/\/diarioelfederaense.com.ar\/?p=8444"},"modified":"2026-04-29T09:08:44","modified_gmt":"2026-04-29T12:08:44","slug":"miguel-cattani-en-reunion-con-el-senador-nacional-adan-bahl","status":"publish","type":"post","link":"https:\/\/diarioelfederaense.com.ar\/?p=8444","title":{"rendered":"Miguel Cattani en reuni\u00f3n con el Senador Nacional Ad\u00e1n Bahl."},"content":{"rendered":"\n<p>\u00abMantuve una reuni\u00f3n en el Congreso Nacional con el Senador Nacional por Entre R\u00edos, Ad\u00e1n Beto Bahl, pudimos dialogar sobre su experiencia como Intendente de la ciudad Capital de la Provincia, Beto me nutri\u00f3 de su gesti\u00f3n al frente del Ejecutivo de Paran\u00e1, es v\u00e1lido destacar la apertura al di\u00e1logo que Bahl nos dispens\u00f3, tambi\u00e9n le manifest\u00e9 al Senador Nacional nuestra tarea en la Comisi\u00f3n Administradora de los Excedentes de Salto Grande, (Cafesg), gracias Beto por escuchar y trasmitir tus conocimientos en el terreno de la pol\u00edtica.<\/p>\n\n\n\n<p>Vamos a elaborar un plan de infraestructura integral para nuestra querida Federaci\u00f3n\u00bb.<\/p>\n","protected":false},"excerpt":{"rendered":"<p>\u00abMantuve una reuni\u00f3n en el Congreso Nacional con el Senador Nacional por Entre R\u00edos, Ad\u00e1n Beto Bahl, pudimos dialogar sobre su experiencia como Intendente de la ciudad Capital de la Provincia, Beto me nutri\u00f3 de su gesti\u00f3n al frente del Ejecutivo de Paran\u00e1, es v\u00e1lido destacar la apertura al di\u00e1logo que Bahl nos dispens\u00f3, tambi\u00e9n [&hellip;]<\/p>\n","protected":false},"author":2,"featured_media":8445,"comment_status":"closed","ping_status":"closed","sticky":false,"template":"","format":"standard","meta":{"_et_pb_use_builder":"","_et_pb_old_content":"","footnotes":""},"categories":[1],"tags":[],"class_list":["post-8444","post","type-post","status-publish","format-standard","has-post-thumbnail","hentry","category-sin-categoria"],"_links":{"self":[{"href":"https:\/\/diarioelfederaense.com.ar\/index.php?rest_route=\/wp\/v2\/posts\/8444"}],"collection":[{"href":"https:\/\/diarioelfederaense.com.ar\/index.php?rest_route=\/wp\/v2\/posts"}],"about":[{"href":"https:\/\/diarioelfederaense.com.ar\/index.php?rest_route=\/wp\/v2\/types\/post"}],"author":[{"embeddable":true,"href":"https:\/\/diarioelfederaense.com.ar\/index.php?rest_route=\/wp\/v2\/users\/2"}],"replies":[{"embeddable":true,"href":"https:\/\/diarioelfederaense.com.ar\/index.php?rest_route=%2Fwp%2Fv2%2Fcomments&post=8444"}],"version-history":[{"count":1,"href":"https:\/\/diarioelfederaense.com.ar\/index.php?rest_route=\/wp\/v2\/posts\/8444\/revisions"}],"predecessor-version":[{"id":8446,"href":"https:\/\/diarioelfederaense.com.ar\/index.php?rest_route=\/wp\/v2\/posts\/8444\/revisions\/8446"}],"wp:featuredmedia":[{"embeddable":true,"href":"https:\/\/diarioelfederaense.com.ar\/index.php?rest_route=\/wp\/v2\/media\/8445"}],"wp:attachment":[{"href":"https:\/\/diarioelfederaense.com.ar\/index.php?rest_route=%2Fwp%2Fv2%2Fmedia&parent=8444"}],"wp:term":[{"taxonomy":"category","embeddable":true,"href":"https:\/\/diarioelfederaense.com.ar\/index.php?rest_route=%2Fwp%2Fv2%2Fcategories&post=8444"},{"taxonomy":"post_tag","embeddable":true,"href":"https:\/\/diarioelfederaense.com.ar\/index.php?rest_route=%2Fwp%2Fv2%2Ftags&post=8444"}],"curies":[{"name":"wp","href":"https:\/\/api.w.org\/{rel}","templated":true}]}}