{"id":8438,"date":"2026-04-28T19:24:03","date_gmt":"2026-04-28T22:24:03","guid":{"rendered":"https:\/\/diarioelfederaense.com.ar\/?p=8438"},"modified":"2026-04-28T19:24:04","modified_gmt":"2026-04-28T22:24:04","slug":"comienzan-a-operar-vuelos-entre-concordia-y-la-capital-provincial","status":"publish","type":"post","link":"https:\/\/diarioelfederaense.com.ar\/?p=8438","title":{"rendered":"COMIENZAN A OPERAR VUELOS ENTRE CONCORDIA Y LA CAPITAL PROVINCIAL."},"content":{"rendered":"\n<p>Se puede observar que en el sistema de reservas de la empresa Humming Airways apareci\u00f3 sorpresivamente la comercializaci\u00f3n de vuelos entre Paran\u00e1 y Concordia.<\/p>\n\n\n\n<p>Seg\u00fan puede observarse, los vuelos comenzar\u00edan el 5 de mayo, partiendo desde Concordia los martes a las 12:45 para llegar a Paran\u00e1 a las 13:15. En sentido inverso, despegar\u00edan desde el aeropuerto Gral. Urquiza a las 13:45, previendo aterrizar a las 14:15. Esta operaci\u00f3n nace y termina originalmente en Aeroparque, y se realiza con aviones Metro 23 con capacidad para 19 pasajeros<\/p>\n","protected":false},"excerpt":{"rendered":"<p>Se puede observar que en el sistema de reservas de la empresa Humming Airways apareci\u00f3 sorpresivamente la comercializaci\u00f3n de vuelos entre Paran\u00e1 y Concordia. Seg\u00fan puede observarse, los vuelos comenzar\u00edan el 5 de mayo, partiendo desde Concordia los martes a las 12:45 para llegar a Paran\u00e1 a las 13:15. En sentido inverso, despegar\u00edan desde el [&hellip;]<\/p>\n","protected":false},"author":2,"featured_media":8439,"comment_status":"closed","ping_status":"closed","sticky":false,"template":"","format":"standard","meta":{"_et_pb_use_builder":"","_et_pb_old_content":"","footnotes":""},"categories":[1],"tags":[],"class_list":["post-8438","post","type-post","status-publish","format-standard","has-post-thumbnail","hentry","category-sin-categoria"],"_links":{"self":[{"href":"https:\/\/diarioelfederaense.com.ar\/index.php?rest_route=\/wp\/v2\/posts\/8438"}],"collection":[{"href":"https:\/\/diarioelfederaense.com.ar\/index.php?rest_route=\/wp\/v2\/posts"}],"about":[{"href":"https:\/\/diarioelfederaense.com.ar\/index.php?rest_route=\/wp\/v2\/types\/post"}],"author":[{"embeddable":true,"href":"https:\/\/diarioelfederaense.com.ar\/index.php?rest_route=\/wp\/v2\/users\/2"}],"replies":[{"embeddable":true,"href":"https:\/\/diarioelfederaense.com.ar\/index.php?rest_route=%2Fwp%2Fv2%2Fcomments&post=8438"}],"version-history":[{"count":1,"href":"https:\/\/diarioelfederaense.com.ar\/index.php?rest_route=\/wp\/v2\/posts\/8438\/revisions"}],"predecessor-version":[{"id":8440,"href":"https:\/\/diarioelfederaense.com.ar\/index.php?rest_route=\/wp\/v2\/posts\/8438\/revisions\/8440"}],"wp:featuredmedia":[{"embeddable":true,"href":"https:\/\/diarioelfederaense.com.ar\/index.php?rest_route=\/wp\/v2\/media\/8439"}],"wp:attachment":[{"href":"https:\/\/diarioelfederaense.com.ar\/index.php?rest_route=%2Fwp%2Fv2%2Fmedia&parent=8438"}],"wp:term":[{"taxonomy":"category","embeddable":true,"href":"https:\/\/diarioelfederaense.com.ar\/index.php?rest_route=%2Fwp%2Fv2%2Fcategories&post=8438"},{"taxonomy":"post_tag","embeddable":true,"href":"https:\/\/diarioelfederaense.com.ar\/index.php?rest_route=%2Fwp%2Fv2%2Ftags&post=8438"}],"curies":[{"name":"wp","href":"https:\/\/api.w.org\/{rel}","templated":true}]}}