{"id":8435,"date":"2026-04-28T18:55:52","date_gmt":"2026-04-28T21:55:52","guid":{"rendered":"https:\/\/diarioelfederaense.com.ar\/?p=8435"},"modified":"2026-04-28T18:55:53","modified_gmt":"2026-04-28T21:55:53","slug":"tandil-muchas-veces-senalada-como-ciudad-modelo-tambien-atraviesa-una-fuerte-crisis-cierres-de-comercios-caida-del-consumo-y-perdida-de-empleo","status":"publish","type":"post","link":"https:\/\/diarioelfederaense.com.ar\/?p=8435","title":{"rendered":"Tandil, muchas veces se\u00f1alada como \u201cciudad modelo\u201d, tambi\u00e9n atraviesa una fuerte crisis: cierres de comercios, ca\u00edda del consumo y p\u00e9rdida de empleo."},"content":{"rendered":"\n<p>Empresarios y sindicatos advierten un escenario cr\u00edtico, con menos movimiento en el centro, locales vac\u00edos y comerciantes que deben reconvertirse o atender solos para reducir costos.<\/p>\n\n\n\n<p>La ca\u00edda del poder adquisitivo, el impacto de lo digital y la falta de previsibilidad agravan el panorama. El dato pega en la regi\u00f3n: la crisis no distingue ciudades ni discursos.<\/p>\n\n\n\n<p>Necocheadigital<\/p>\n","protected":false},"excerpt":{"rendered":"<p>Empresarios y sindicatos advierten un escenario cr\u00edtico, con menos movimiento en el centro, locales vac\u00edos y comerciantes que deben reconvertirse o atender solos para reducir costos. La ca\u00edda del poder adquisitivo, el impacto de lo digital y la falta de previsibilidad agravan el panorama. El dato pega en la regi\u00f3n: la crisis no distingue ciudades [&hellip;]<\/p>\n","protected":false},"author":2,"featured_media":8436,"comment_status":"closed","ping_status":"closed","sticky":false,"template":"","format":"standard","meta":{"_et_pb_use_builder":"","_et_pb_old_content":"","footnotes":""},"categories":[1],"tags":[],"class_list":["post-8435","post","type-post","status-publish","format-standard","has-post-thumbnail","hentry","category-sin-categoria"],"_links":{"self":[{"href":"https:\/\/diarioelfederaense.com.ar\/index.php?rest_route=\/wp\/v2\/posts\/8435"}],"collection":[{"href":"https:\/\/diarioelfederaense.com.ar\/index.php?rest_route=\/wp\/v2\/posts"}],"about":[{"href":"https:\/\/diarioelfederaense.com.ar\/index.php?rest_route=\/wp\/v2\/types\/post"}],"author":[{"embeddable":true,"href":"https:\/\/diarioelfederaense.com.ar\/index.php?rest_route=\/wp\/v2\/users\/2"}],"replies":[{"embeddable":true,"href":"https:\/\/diarioelfederaense.com.ar\/index.php?rest_route=%2Fwp%2Fv2%2Fcomments&post=8435"}],"version-history":[{"count":1,"href":"https:\/\/diarioelfederaense.com.ar\/index.php?rest_route=\/wp\/v2\/posts\/8435\/revisions"}],"predecessor-version":[{"id":8437,"href":"https:\/\/diarioelfederaense.com.ar\/index.php?rest_route=\/wp\/v2\/posts\/8435\/revisions\/8437"}],"wp:featuredmedia":[{"embeddable":true,"href":"https:\/\/diarioelfederaense.com.ar\/index.php?rest_route=\/wp\/v2\/media\/8436"}],"wp:attachment":[{"href":"https:\/\/diarioelfederaense.com.ar\/index.php?rest_route=%2Fwp%2Fv2%2Fmedia&parent=8435"}],"wp:term":[{"taxonomy":"category","embeddable":true,"href":"https:\/\/diarioelfederaense.com.ar\/index.php?rest_route=%2Fwp%2Fv2%2Fcategories&post=8435"},{"taxonomy":"post_tag","embeddable":true,"href":"https:\/\/diarioelfederaense.com.ar\/index.php?rest_route=%2Fwp%2Fv2%2Ftags&post=8435"}],"curies":[{"name":"wp","href":"https:\/\/api.w.org\/{rel}","templated":true}]}}