{"id":8429,"date":"2026-04-28T15:54:08","date_gmt":"2026-04-28T18:54:08","guid":{"rendered":"https:\/\/diarioelfederaense.com.ar\/?p=8429"},"modified":"2026-04-28T15:54:09","modified_gmt":"2026-04-28T18:54:09","slug":"alerta-en-entre-rios-el-75-de-los-intentos-de-suicidio-involucran-a-jovenes","status":"publish","type":"post","link":"https:\/\/diarioelfederaense.com.ar\/?p=8429","title":{"rendered":"Alerta en Entre R\u00edos: El 75% de los intentos de suicidio involucran a j\u00f3venes"},"content":{"rendered":"\n<p>El ministro de Salud, Daniel Blanzaco, brind\u00f3 un crudo informe ante la C\u00e1mara de Diputados. Revel\u00f3 que hubo m\u00e1s de 800 intentos en menos de tres a\u00f1os y que la tasa de mortalidad lleg\u00f3 a 13,5 cada 100.000 habitantes. Col\u00f3n, Federal, Victoria y Gualeguay son los departamentos m\u00e1s afectados.<\/p>\n\n\n\n<p>La salud mental se ha convertido en el centro del debate pol\u00edtico y social en Entre R\u00edos. Este martes, el ministro de Salud, Daniel Blanzaco, compareci\u00f3 ante la C\u00e1mara de Diputados para exponer la situaci\u00f3n actual de la provincia frente a la problem\u00e1tica del suicidio, un fen\u00f3meno que calific\u00f3 como una \u00abproblem\u00e1tica social compleja\u00bb y no simplemente un hecho individual.<\/p>\n\n\n\n<p>Los n\u00fameros presentados son alarmantes: desde julio de 2023 hasta la fecha, se han registrado 841 intentos de suicidio en efectores p\u00fablicos. De ese total, tres de cada cuatro casos (75%) corresponden a personas j\u00f3venes, lo que obliga al Estado a redoblar las estrategias de prevenci\u00f3n en este sector de la poblaci\u00f3n.<\/p>\n\n\n\n<p>Radiograf\u00eda del suicidio en la provincia<\/p>\n\n\n\n<p>El informe detall\u00f3 que la tasa de mortalidad por suicidio alcanz\u00f3 el 13,5 por cada 100.000 habitantes en 2024, con una marcada diferencia de g\u00e9nero: la tasa en varones es de 23,7, mientras que en mujeres es de 3,66.<\/p>\n\n\n\n<p>En cuanto a la distribuci\u00f3n geogr\u00e1fica, el ministro puntualiz\u00f3 que los departamentos con mayor incidencia cr\u00edtica son Col\u00f3n, Federal, Victoria y Gualeguay. Adem\u00e1s, se revel\u00f3 que uno de cada cuatro casos registrados ya contaba con antecedentes previos de intentos, lo que subraya la importancia del seguimiento post-crisis.<\/p>\n\n\n\n<p>Presupuesto y red de atenci\u00f3n<\/p>\n\n\n\n<p>Blanzaco ratific\u00f3 que la gesti\u00f3n de Rogelio Frigerio considera la salud mental como una prioridad. \u00abEl 8,40% del presupuesto de salud para 2026 se destina a esta \u00e1rea, cumpliendo con los est\u00e1ndares internacionales\u00bb, subray\u00f3 el funcionario.<\/p>\n\n\n\n<p>Entre las herramientas clave mencionadas para dar respuesta inmediata, se destacaron:<\/p>\n\n\n\n<p>El fortalecimiento de las guardias activas y pasivas en toda la provincia.<\/p>\n\n\n\n<p>La consolidaci\u00f3n de la L\u00ednea 135 como dispositivo de atenci\u00f3n en crisis.<\/p>\n\n\n\n<p>El trabajo conjunto con municipios, universidades, gremios y el sistema educativo.<\/p>\n\n\n\n<p>El desaf\u00edo de la unificaci\u00f3n de datos<\/p>\n\n\n\n<p>Uno de los anuncios importantes fue la creaci\u00f3n de un Observatorio Provincial en conjunto con la Polic\u00eda. Actualmente, los datos provienen de tres fuentes distintas (Naci\u00f3n, Sistema de Vigilancia y Polic\u00eda), lo que genera variaciones metodol\u00f3gicas. El objetivo es unificar criterios para tener un diagn\u00f3stico preciso y en tiempo real.<\/p>\n\n\n\n<p>\u00abEstamos atacando la punta de un iceberg\u00bb, sentenci\u00f3 Blanzaco. \u00abDesde Salud podemos reforzar los profesionales, pero el abordaje debe ser integral e involucrar a toda la sociedad en su conjunto\u00bb.<\/p>\n\n\n\n<p>Con informaci\u00f3n de prensa provincial<\/p>\n","protected":false},"excerpt":{"rendered":"<p>El ministro de Salud, Daniel Blanzaco, brind\u00f3 un crudo informe ante la C\u00e1mara de Diputados. Revel\u00f3 que hubo m\u00e1s de 800 intentos en menos de tres a\u00f1os y que la tasa de mortalidad lleg\u00f3 a 13,5 cada 100.000 habitantes. Col\u00f3n, Federal, Victoria y Gualeguay son los departamentos m\u00e1s afectados. La salud mental se ha convertido [&hellip;]<\/p>\n","protected":false},"author":2,"featured_media":8430,"comment_status":"closed","ping_status":"closed","sticky":false,"template":"","format":"standard","meta":{"_et_pb_use_builder":"","_et_pb_old_content":"","footnotes":""},"categories":[1],"tags":[],"class_list":["post-8429","post","type-post","status-publish","format-standard","has-post-thumbnail","hentry","category-sin-categoria"],"_links":{"self":[{"href":"https:\/\/diarioelfederaense.com.ar\/index.php?rest_route=\/wp\/v2\/posts\/8429"}],"collection":[{"href":"https:\/\/diarioelfederaense.com.ar\/index.php?rest_route=\/wp\/v2\/posts"}],"about":[{"href":"https:\/\/diarioelfederaense.com.ar\/index.php?rest_route=\/wp\/v2\/types\/post"}],"author":[{"embeddable":true,"href":"https:\/\/diarioelfederaense.com.ar\/index.php?rest_route=\/wp\/v2\/users\/2"}],"replies":[{"embeddable":true,"href":"https:\/\/diarioelfederaense.com.ar\/index.php?rest_route=%2Fwp%2Fv2%2Fcomments&post=8429"}],"version-history":[{"count":1,"href":"https:\/\/diarioelfederaense.com.ar\/index.php?rest_route=\/wp\/v2\/posts\/8429\/revisions"}],"predecessor-version":[{"id":8431,"href":"https:\/\/diarioelfederaense.com.ar\/index.php?rest_route=\/wp\/v2\/posts\/8429\/revisions\/8431"}],"wp:featuredmedia":[{"embeddable":true,"href":"https:\/\/diarioelfederaense.com.ar\/index.php?rest_route=\/wp\/v2\/media\/8430"}],"wp:attachment":[{"href":"https:\/\/diarioelfederaense.com.ar\/index.php?rest_route=%2Fwp%2Fv2%2Fmedia&parent=8429"}],"wp:term":[{"taxonomy":"category","embeddable":true,"href":"https:\/\/diarioelfederaense.com.ar\/index.php?rest_route=%2Fwp%2Fv2%2Fcategories&post=8429"},{"taxonomy":"post_tag","embeddable":true,"href":"https:\/\/diarioelfederaense.com.ar\/index.php?rest_route=%2Fwp%2Fv2%2Ftags&post=8429"}],"curies":[{"name":"wp","href":"https:\/\/api.w.org\/{rel}","templated":true}]}}