{"id":8423,"date":"2026-04-28T10:04:17","date_gmt":"2026-04-28T13:04:17","guid":{"rendered":"https:\/\/diarioelfederaense.com.ar\/?p=8423"},"modified":"2026-04-28T10:04:17","modified_gmt":"2026-04-28T13:04:17","slug":"el-smn-en-la-region-de-salto-grande-se-quedo-sin-datos-en-las-ultimas-horas-por-despido-de-parte-de-su-personal","status":"publish","type":"post","link":"https:\/\/diarioelfederaense.com.ar\/?p=8423","title":{"rendered":"El SMN en la regi\u00f3n de Salto Grande se qued\u00f3 sin datos en las \u00faltimas horas por despido de parte de su personal"},"content":{"rendered":"\n<p>Los usuarios del Servicio Meteorol\u00f3gico Nacional de la regi\u00f3n se han encontrado este lunes con una sorpresa al visitar su p\u00e1gina web: a partir de las 21, ya no se actualiza la informaci\u00f3n, hasta las 6 del d\u00eda siguiente.<\/p>\n\n\n\n<p>\u201cLa estaci\u00f3n meteorol\u00f3gica concordiense, que actualmente funciona en el Aeropuerto Pierrestegui pero depende directamente del Ministerio de Defensa de la Naci\u00f3n, cumpli\u00f3 150 a\u00f1os en diciembre \u00faltimo. Es la segunda m\u00e1s antigua del pa\u00eds y la m\u00e1s antigua como estaci\u00f3n MET Aeron\u00e1utica. Durante su rica historia no se dejaron de transmitir los datos a la organizaci\u00f3n mundial del clima, con una constancia absoluta; nunca tuvo interrupci\u00f3n. Pero despidieron personal y dej\u00f3 de prestar servicios las 24 horas\u201d, lamentaron.<\/p>\n\n\n\n<p>Aclar\u00f3 que el recorte en los servicios \u201cno afecta a la seguridad operacional ni a la navegaci\u00f3n a\u00e9rea, porque si necesitan algo de madrugada se responde a requerimiento\u201d. No obstante, lament\u00f3 no s\u00f3lo los despidos, que en Concordia dejaron sin trabajo a un joven con una hija, sino tambi\u00e9n la falta de inversiones en tecnolog\u00eda. \u201cHay equipamiento que funciona como una estaci\u00f3n autom\u00e1tica que podr\u00eda seguir cubriendo el servicio durante la madrugada. Incluso registra a qu\u00e9 altura est\u00e1n las nubes. Pero no previeron nada al respecto. Solo despidieron\u201d, cuestion\u00f3.<\/p>\n\n\n\n<p>Fuente: El Entre R\u00edos<\/p>\n","protected":false},"excerpt":{"rendered":"<p>Los usuarios del Servicio Meteorol\u00f3gico Nacional de la regi\u00f3n se han encontrado este lunes con una sorpresa al visitar su p\u00e1gina web: a partir de las 21, ya no se actualiza la informaci\u00f3n, hasta las 6 del d\u00eda siguiente. \u201cLa estaci\u00f3n meteorol\u00f3gica concordiense, que actualmente funciona en el Aeropuerto Pierrestegui pero depende directamente del Ministerio [&hellip;]<\/p>\n","protected":false},"author":2,"featured_media":8424,"comment_status":"closed","ping_status":"closed","sticky":false,"template":"","format":"standard","meta":{"_et_pb_use_builder":"","_et_pb_old_content":"","footnotes":""},"categories":[1],"tags":[],"class_list":["post-8423","post","type-post","status-publish","format-standard","has-post-thumbnail","hentry","category-sin-categoria"],"_links":{"self":[{"href":"https:\/\/diarioelfederaense.com.ar\/index.php?rest_route=\/wp\/v2\/posts\/8423"}],"collection":[{"href":"https:\/\/diarioelfederaense.com.ar\/index.php?rest_route=\/wp\/v2\/posts"}],"about":[{"href":"https:\/\/diarioelfederaense.com.ar\/index.php?rest_route=\/wp\/v2\/types\/post"}],"author":[{"embeddable":true,"href":"https:\/\/diarioelfederaense.com.ar\/index.php?rest_route=\/wp\/v2\/users\/2"}],"replies":[{"embeddable":true,"href":"https:\/\/diarioelfederaense.com.ar\/index.php?rest_route=%2Fwp%2Fv2%2Fcomments&post=8423"}],"version-history":[{"count":1,"href":"https:\/\/diarioelfederaense.com.ar\/index.php?rest_route=\/wp\/v2\/posts\/8423\/revisions"}],"predecessor-version":[{"id":8425,"href":"https:\/\/diarioelfederaense.com.ar\/index.php?rest_route=\/wp\/v2\/posts\/8423\/revisions\/8425"}],"wp:featuredmedia":[{"embeddable":true,"href":"https:\/\/diarioelfederaense.com.ar\/index.php?rest_route=\/wp\/v2\/media\/8424"}],"wp:attachment":[{"href":"https:\/\/diarioelfederaense.com.ar\/index.php?rest_route=%2Fwp%2Fv2%2Fmedia&parent=8423"}],"wp:term":[{"taxonomy":"category","embeddable":true,"href":"https:\/\/diarioelfederaense.com.ar\/index.php?rest_route=%2Fwp%2Fv2%2Fcategories&post=8423"},{"taxonomy":"post_tag","embeddable":true,"href":"https:\/\/diarioelfederaense.com.ar\/index.php?rest_route=%2Fwp%2Fv2%2Ftags&post=8423"}],"curies":[{"name":"wp","href":"https:\/\/api.w.org\/{rel}","templated":true}]}}