{"id":8417,"date":"2026-04-28T09:49:45","date_gmt":"2026-04-28T12:49:45","guid":{"rendered":"https:\/\/diarioelfederaense.com.ar\/?p=8417"},"modified":"2026-04-28T09:49:46","modified_gmt":"2026-04-28T12:49:46","slug":"catani-mueve-fichas-el-7-de-mayo-presentara-su-proyecto-de-desarrollo-local-en-el-club-policial","status":"publish","type":"post","link":"https:\/\/diarioelfederaense.com.ar\/?p=8417","title":{"rendered":"CATANI MUEVE FICHAS: EL 7 DE MAYO PRESENTAR\u00c1 SU PROYECTO DE DESARROLLO LOCAL EN EL CLUB POLICIAL"},"content":{"rendered":"\n<p>Los organizadores pretenden mostrar un planteo horizontal, con todos, no se descartan presencias de localidades de la regi\u00f3n y de la provincia.<\/p>\n\n\n\n<p>*Carlos Detona para DetonaDos.<\/p>\n\n\n\n<p>Miguel Catani contin\u00faa dando pasos firmes en su construcci\u00f3n pol\u00edtica y confirm\u00f3 que el pr\u00f3ximo 7 de mayo, en el Club Policial, avanzar\u00e1 en la presentaci\u00f3n de su proyecto de desarrollo local para Federaci\u00f3n.<\/p>\n\n\n\n<p>La actividad lo tendr\u00e1 como principal expositor y servir\u00e1 para mostrar los ejes estrat\u00e9gicos de una propuesta que busca instalarse en la agenda p\u00fablica de cara a la disputa por la intendencia. Modernidad, transparencia, salud, medio ambiente, educaci\u00f3n e inclusi\u00f3n aparecen entre los principales lineamientos ya anticipados.<\/p>\n\n\n\n<p>En el inicio de semana, en di\u00e1logo con DetonaDos, Catani tambi\u00e9n confirm\u00f3 que ya enfrenta desaf\u00edos internos dentro de su espacio. Se\u00f1al\u00f3 que agotar\u00e1 todas las instancias de di\u00e1logo para alcanzar consensos, aunque respetar\u00e1 a quienes quieran competir en una interna.<\/p>\n\n\n\n<p>Por FM Federaci\u00f3n, adem\u00e1s, revel\u00f3 una reuni\u00f3n de alrededor de dos horas con Carlos \u201cBoch\u00edn\u201d Miller, donde intercambiaron miradas sobre el presente pol\u00edtico de Federaci\u00f3n. Seg\u00fan indic\u00f3, Miller tambi\u00e9n manifest\u00f3 su intenci\u00f3n de competir por la intendencia.<\/p>\n\n\n\n<p>Con este escenario, el acto del 7 de mayo asoma como una se\u00f1al pol\u00edtica importante: Catani busca dejar de ser expectativa para convertirse en propuesta concreta.<\/p>\n","protected":false},"excerpt":{"rendered":"<p>Los organizadores pretenden mostrar un planteo horizontal, con todos, no se descartan presencias de localidades de la regi\u00f3n y de la provincia. *Carlos Detona para DetonaDos. Miguel Catani contin\u00faa dando pasos firmes en su construcci\u00f3n pol\u00edtica y confirm\u00f3 que el pr\u00f3ximo 7 de mayo, en el Club Policial, avanzar\u00e1 en la presentaci\u00f3n de su proyecto [&hellip;]<\/p>\n","protected":false},"author":2,"featured_media":8418,"comment_status":"closed","ping_status":"closed","sticky":false,"template":"","format":"standard","meta":{"_et_pb_use_builder":"","_et_pb_old_content":"","footnotes":""},"categories":[1],"tags":[],"class_list":["post-8417","post","type-post","status-publish","format-standard","has-post-thumbnail","hentry","category-sin-categoria"],"_links":{"self":[{"href":"https:\/\/diarioelfederaense.com.ar\/index.php?rest_route=\/wp\/v2\/posts\/8417"}],"collection":[{"href":"https:\/\/diarioelfederaense.com.ar\/index.php?rest_route=\/wp\/v2\/posts"}],"about":[{"href":"https:\/\/diarioelfederaense.com.ar\/index.php?rest_route=\/wp\/v2\/types\/post"}],"author":[{"embeddable":true,"href":"https:\/\/diarioelfederaense.com.ar\/index.php?rest_route=\/wp\/v2\/users\/2"}],"replies":[{"embeddable":true,"href":"https:\/\/diarioelfederaense.com.ar\/index.php?rest_route=%2Fwp%2Fv2%2Fcomments&post=8417"}],"version-history":[{"count":1,"href":"https:\/\/diarioelfederaense.com.ar\/index.php?rest_route=\/wp\/v2\/posts\/8417\/revisions"}],"predecessor-version":[{"id":8419,"href":"https:\/\/diarioelfederaense.com.ar\/index.php?rest_route=\/wp\/v2\/posts\/8417\/revisions\/8419"}],"wp:featuredmedia":[{"embeddable":true,"href":"https:\/\/diarioelfederaense.com.ar\/index.php?rest_route=\/wp\/v2\/media\/8418"}],"wp:attachment":[{"href":"https:\/\/diarioelfederaense.com.ar\/index.php?rest_route=%2Fwp%2Fv2%2Fmedia&parent=8417"}],"wp:term":[{"taxonomy":"category","embeddable":true,"href":"https:\/\/diarioelfederaense.com.ar\/index.php?rest_route=%2Fwp%2Fv2%2Fcategories&post=8417"},{"taxonomy":"post_tag","embeddable":true,"href":"https:\/\/diarioelfederaense.com.ar\/index.php?rest_route=%2Fwp%2Fv2%2Ftags&post=8417"}],"curies":[{"name":"wp","href":"https:\/\/api.w.org\/{rel}","templated":true}]}}