{"id":8411,"date":"2026-04-28T09:31:47","date_gmt":"2026-04-28T12:31:47","guid":{"rendered":"https:\/\/diarioelfederaense.com.ar\/?p=8411"},"modified":"2026-04-28T09:31:48","modified_gmt":"2026-04-28T12:31:48","slug":"el-intendente-de-federacion-participara-en-parque-norte-del-debate-en-el-pj-nacional-para-construir-una-alternativa","status":"publish","type":"post","link":"https:\/\/diarioelfederaense.com.ar\/?p=8411","title":{"rendered":"El intendente de Federaci\u00f3n participar\u00e1 en Parque Norte del debate en el PJ nacional para construir una alternativa"},"content":{"rendered":"\n<p>El intendente de Federaci\u00f3n, Ricardo Bravo, en las v\u00edsperas del encuentro que el Peronismo Nacional realizar\u00e1 el viernes 1\u00ba de mayo para debatir la construcci\u00f3n de una alternativa nacional, inform\u00f3 en sus redes sociales que ser\u00e1 parte del encuentro que se realizar\u00e1 en Parque Norte, en Buenos Aires.<\/p>\n\n\n\n<p>En sus redes sociales, el intendente de Federaci\u00f3n, Ricardo Bravo, inform\u00f3 que \u201cel Peronismo Nacional realiza una convocatoria general para realizar un gran debate para construir una alternativa Nacional, la cita ser\u00e1 este viernes 1 de mayo, (fecha important\u00edsima para el peronismo), a las 9.30 horas en Parque Norte en la ciudad Aut\u00f3noma de Buenos Aires\u201d.<\/p>\n\n\n\n<p>Bravo adelant\u00f3 que ser\u00e1 parte de este encuentro nacional y lo anunci\u00f3 a trav\u00e9s de sus redes sociales, destacando que se trata de \u201cuna propuesta que busca la construcci\u00f3n, con una impronta federal y de apertura real, que apunta a ser un punto de partida y que recupere la representaci\u00f3n de las mayor\u00edas, en este escenario muy complejo para la mayor\u00eda de los argentinos y que ya viene generando muchas expectativas\u201d.<\/p>\n\n\n\n<p>Bravo se\u00f1al\u00f3 que \u00abel peronismo siempre fue protagonista de los procesos de reconstrucci\u00f3n econ\u00f3mica y social de la Argentina, despu\u00e9s de los gobiernos que han pensado un pa\u00eds para pocos, perjudicando la vida de millones de argentinos\u00bb. A\u00f1adi\u00f3 que \u00abhoy m\u00e1s que nunca tenemos el deber de aportar en la construcci\u00f3n de una alternativa nacional\u00bb.<\/p>\n\n\n\n<p>\u00abPrimero las Ideas\u00bb<\/p>\n\n\n\n<p>Bravo opin\u00f3 que se trata de una construcci\u00f3n \u00abdesde abajo, con impronta federal y apertura real, un espacio de debate sobre las ideas que pueden ser el punto de partida de una alternativa nacional que recupere la representaci\u00f3n de las mayor\u00edas\u00bb. (APFDigital)<\/p>\n","protected":false},"excerpt":{"rendered":"<p>El intendente de Federaci\u00f3n, Ricardo Bravo, en las v\u00edsperas del encuentro que el Peronismo Nacional realizar\u00e1 el viernes 1\u00ba de mayo para debatir la construcci\u00f3n de una alternativa nacional, inform\u00f3 en sus redes sociales que ser\u00e1 parte del encuentro que se realizar\u00e1 en Parque Norte, en Buenos Aires. En sus redes sociales, el intendente de [&hellip;]<\/p>\n","protected":false},"author":2,"featured_media":8412,"comment_status":"closed","ping_status":"closed","sticky":false,"template":"","format":"standard","meta":{"_et_pb_use_builder":"","_et_pb_old_content":"","footnotes":""},"categories":[1],"tags":[],"class_list":["post-8411","post","type-post","status-publish","format-standard","has-post-thumbnail","hentry","category-sin-categoria"],"_links":{"self":[{"href":"https:\/\/diarioelfederaense.com.ar\/index.php?rest_route=\/wp\/v2\/posts\/8411"}],"collection":[{"href":"https:\/\/diarioelfederaense.com.ar\/index.php?rest_route=\/wp\/v2\/posts"}],"about":[{"href":"https:\/\/diarioelfederaense.com.ar\/index.php?rest_route=\/wp\/v2\/types\/post"}],"author":[{"embeddable":true,"href":"https:\/\/diarioelfederaense.com.ar\/index.php?rest_route=\/wp\/v2\/users\/2"}],"replies":[{"embeddable":true,"href":"https:\/\/diarioelfederaense.com.ar\/index.php?rest_route=%2Fwp%2Fv2%2Fcomments&post=8411"}],"version-history":[{"count":1,"href":"https:\/\/diarioelfederaense.com.ar\/index.php?rest_route=\/wp\/v2\/posts\/8411\/revisions"}],"predecessor-version":[{"id":8413,"href":"https:\/\/diarioelfederaense.com.ar\/index.php?rest_route=\/wp\/v2\/posts\/8411\/revisions\/8413"}],"wp:featuredmedia":[{"embeddable":true,"href":"https:\/\/diarioelfederaense.com.ar\/index.php?rest_route=\/wp\/v2\/media\/8412"}],"wp:attachment":[{"href":"https:\/\/diarioelfederaense.com.ar\/index.php?rest_route=%2Fwp%2Fv2%2Fmedia&parent=8411"}],"wp:term":[{"taxonomy":"category","embeddable":true,"href":"https:\/\/diarioelfederaense.com.ar\/index.php?rest_route=%2Fwp%2Fv2%2Fcategories&post=8411"},{"taxonomy":"post_tag","embeddable":true,"href":"https:\/\/diarioelfederaense.com.ar\/index.php?rest_route=%2Fwp%2Fv2%2Ftags&post=8411"}],"curies":[{"name":"wp","href":"https:\/\/api.w.org\/{rel}","templated":true}]}}