{"id":8396,"date":"2026-04-27T10:26:51","date_gmt":"2026-04-27T13:26:51","guid":{"rendered":"https:\/\/diarioelfederaense.com.ar\/?p=8396"},"modified":"2026-04-27T10:26:52","modified_gmt":"2026-04-27T13:26:52","slug":"empresario-brasileno-proyecta-instalar-un-nodo-logistico-solar-en-diamante-y-generar-40-empleos","status":"publish","type":"post","link":"https:\/\/diarioelfederaense.com.ar\/?p=8396","title":{"rendered":"Empresario brasile\u00f1o proyecta instalar un nodo log\u00edstico solar en Diamante y generar 40 empleos"},"content":{"rendered":"\n<p>.<\/p>\n\n\n\n<p>El emprendimiento se desarrollar\u00e1 sobre un predio en el puerto y tendr\u00e1 un per\u00edodo de instalaci\u00f3n de entre 12 y 18 meses. Desde el Gobierno aseguraron que el RINI sedujo las inversiones extranjeras.<\/p>\n\n\n\n<p>El Gobierno de Entre R\u00edos y la Municipalidad de Diamante firmaron este mi\u00e9rcoles en Casa de Gobierno la carta de intenci\u00f3n para la radicaci\u00f3n de una empresa brasile\u00f1a en la ciudad, en un acto encabezado por el secretario de Industria, Catriel Tonutti.<\/p>\n\n\n\n<p>La iniciativa est\u00e1 vinculada a la firma Nueva Energ\u00eda Solar, impulsada por el empresario brasile\u00f1o Odair Breiner, quien ya hab\u00eda visitado Diamante para evaluar su instalaci\u00f3n. El proyecto prev\u00e9 la instalaci\u00f3n de un nodo log\u00edstico solar en el Puerto de Diamante, que incluir\u00e1 ensamble, testeo y distribuci\u00f3n de paneles solares.<\/p>\n\n\n\n<p>Del acto y las instancias de trabajo participaron la diputada provincial Liliana Salinas; el intendente de Diamante, Ezio Gieco; el presidente del Ente Aut\u00e1rquico Puerto Diamante, Aldo Cardinalli; junto a equipos t\u00e9cnicos provinciales y municipales.<\/p>\n\n\n\n<p>Seg\u00fan adelant\u00f3 el empresario, el proyecto permitir\u00e1 la generaci\u00f3n de 40 puestos de trabajo, adem\u00e1s de instancias de capacitaci\u00f3n t\u00e9cnica local. El emprendimiento se desarrollar\u00e1 sobre un predio en el puerto y tendr\u00e1 un per\u00edodo de instalaci\u00f3n de entre 12 y 18 meses.<\/p>\n\n\n\n<p>Por su parte, el secretario de Industria, Catriel Tonutti, destac\u00f3 el rol del R\u00e9gimen de Incentivo a Nuevas Inversiones (RINI) y afirm\u00f3 que \u201clas condiciones competitivas que genera el RINI lograron atraer a esta empresa extranjera y posicionan a Entre R\u00edos como destino de nuevas inversiones\u201c.<\/p>\n\n\n\n<p>En ese sentido, remarc\u00f3 que la herramienta busca transformar la matriz productiva provincial, promoviendo el crecimiento del empleo privado a partir de la articulaci\u00f3n entre el sector p\u00fablico y el privado.<\/p>\n\n\n\n<p>(Dos florines)<\/p>\n","protected":false},"excerpt":{"rendered":"<p>. El emprendimiento se desarrollar\u00e1 sobre un predio en el puerto y tendr\u00e1 un per\u00edodo de instalaci\u00f3n de entre 12 y 18 meses. Desde el Gobierno aseguraron que el RINI sedujo las inversiones extranjeras. El Gobierno de Entre R\u00edos y la Municipalidad de Diamante firmaron este mi\u00e9rcoles en Casa de Gobierno la carta de intenci\u00f3n [&hellip;]<\/p>\n","protected":false},"author":2,"featured_media":8397,"comment_status":"closed","ping_status":"closed","sticky":false,"template":"","format":"standard","meta":{"_et_pb_use_builder":"","_et_pb_old_content":"","footnotes":""},"categories":[1],"tags":[],"class_list":["post-8396","post","type-post","status-publish","format-standard","has-post-thumbnail","hentry","category-sin-categoria"],"_links":{"self":[{"href":"https:\/\/diarioelfederaense.com.ar\/index.php?rest_route=\/wp\/v2\/posts\/8396"}],"collection":[{"href":"https:\/\/diarioelfederaense.com.ar\/index.php?rest_route=\/wp\/v2\/posts"}],"about":[{"href":"https:\/\/diarioelfederaense.com.ar\/index.php?rest_route=\/wp\/v2\/types\/post"}],"author":[{"embeddable":true,"href":"https:\/\/diarioelfederaense.com.ar\/index.php?rest_route=\/wp\/v2\/users\/2"}],"replies":[{"embeddable":true,"href":"https:\/\/diarioelfederaense.com.ar\/index.php?rest_route=%2Fwp%2Fv2%2Fcomments&post=8396"}],"version-history":[{"count":1,"href":"https:\/\/diarioelfederaense.com.ar\/index.php?rest_route=\/wp\/v2\/posts\/8396\/revisions"}],"predecessor-version":[{"id":8398,"href":"https:\/\/diarioelfederaense.com.ar\/index.php?rest_route=\/wp\/v2\/posts\/8396\/revisions\/8398"}],"wp:featuredmedia":[{"embeddable":true,"href":"https:\/\/diarioelfederaense.com.ar\/index.php?rest_route=\/wp\/v2\/media\/8397"}],"wp:attachment":[{"href":"https:\/\/diarioelfederaense.com.ar\/index.php?rest_route=%2Fwp%2Fv2%2Fmedia&parent=8396"}],"wp:term":[{"taxonomy":"category","embeddable":true,"href":"https:\/\/diarioelfederaense.com.ar\/index.php?rest_route=%2Fwp%2Fv2%2Fcategories&post=8396"},{"taxonomy":"post_tag","embeddable":true,"href":"https:\/\/diarioelfederaense.com.ar\/index.php?rest_route=%2Fwp%2Fv2%2Ftags&post=8396"}],"curies":[{"name":"wp","href":"https:\/\/api.w.org\/{rel}","templated":true}]}}