{"id":8393,"date":"2026-04-27T10:16:22","date_gmt":"2026-04-27T13:16:22","guid":{"rendered":"https:\/\/diarioelfederaense.com.ar\/?p=8393"},"modified":"2026-04-27T10:16:23","modified_gmt":"2026-04-27T13:16:23","slug":"fin-de-semana-tranqui-en-termas-y-ya-mirando-al-finde-largo-que-se-viene","status":"publish","type":"post","link":"https:\/\/diarioelfederaense.com.ar\/?p=8393","title":{"rendered":"FIN DE SEMANA \u00abTRANQUI\u00bb EN TERMAS Y YA MIRANDO AL FINDE LARGO QUE SE VIENE"},"content":{"rendered":"\n<p>Seg\u00fan los datos del parque termal de Federaci\u00f3n, el viernes ingresaron 760 personas, el s\u00e1bado 1.143 y el domingo 823, totalizando 2.726 visitantes, cifras acorde para estas jornadas de abril.<\/p>\n\n\n\n<p>Desde el sector existe expectativa de que el fin de semana largo por el 1\u00b0 de mayo permita levantar la afluencia de turistas y dinamizar la actividad tur\u00edstica, de eventos y recreativa de la ciudad.<\/p>\n\n\n\n<p>Hasta hoy las expectativas apuntan a una ocupaci\u00f3n del 50% en la hoteler\u00eda.<\/p>\n","protected":false},"excerpt":{"rendered":"<p>Seg\u00fan los datos del parque termal de Federaci\u00f3n, el viernes ingresaron 760 personas, el s\u00e1bado 1.143 y el domingo 823, totalizando 2.726 visitantes, cifras acorde para estas jornadas de abril. Desde el sector existe expectativa de que el fin de semana largo por el 1\u00b0 de mayo permita levantar la afluencia de turistas y dinamizar [&hellip;]<\/p>\n","protected":false},"author":2,"featured_media":8394,"comment_status":"closed","ping_status":"closed","sticky":false,"template":"","format":"standard","meta":{"_et_pb_use_builder":"","_et_pb_old_content":"","footnotes":""},"categories":[1],"tags":[],"class_list":["post-8393","post","type-post","status-publish","format-standard","has-post-thumbnail","hentry","category-sin-categoria"],"_links":{"self":[{"href":"https:\/\/diarioelfederaense.com.ar\/index.php?rest_route=\/wp\/v2\/posts\/8393"}],"collection":[{"href":"https:\/\/diarioelfederaense.com.ar\/index.php?rest_route=\/wp\/v2\/posts"}],"about":[{"href":"https:\/\/diarioelfederaense.com.ar\/index.php?rest_route=\/wp\/v2\/types\/post"}],"author":[{"embeddable":true,"href":"https:\/\/diarioelfederaense.com.ar\/index.php?rest_route=\/wp\/v2\/users\/2"}],"replies":[{"embeddable":true,"href":"https:\/\/diarioelfederaense.com.ar\/index.php?rest_route=%2Fwp%2Fv2%2Fcomments&post=8393"}],"version-history":[{"count":1,"href":"https:\/\/diarioelfederaense.com.ar\/index.php?rest_route=\/wp\/v2\/posts\/8393\/revisions"}],"predecessor-version":[{"id":8395,"href":"https:\/\/diarioelfederaense.com.ar\/index.php?rest_route=\/wp\/v2\/posts\/8393\/revisions\/8395"}],"wp:featuredmedia":[{"embeddable":true,"href":"https:\/\/diarioelfederaense.com.ar\/index.php?rest_route=\/wp\/v2\/media\/8394"}],"wp:attachment":[{"href":"https:\/\/diarioelfederaense.com.ar\/index.php?rest_route=%2Fwp%2Fv2%2Fmedia&parent=8393"}],"wp:term":[{"taxonomy":"category","embeddable":true,"href":"https:\/\/diarioelfederaense.com.ar\/index.php?rest_route=%2Fwp%2Fv2%2Fcategories&post=8393"},{"taxonomy":"post_tag","embeddable":true,"href":"https:\/\/diarioelfederaense.com.ar\/index.php?rest_route=%2Fwp%2Fv2%2Ftags&post=8393"}],"curies":[{"name":"wp","href":"https:\/\/api.w.org\/{rel}","templated":true}]}}