{"id":8378,"date":"2026-04-27T08:25:47","date_gmt":"2026-04-27T11:25:47","guid":{"rendered":"https:\/\/diarioelfederaense.com.ar\/?p=8378"},"modified":"2026-04-27T08:25:48","modified_gmt":"2026-04-27T11:25:48","slug":"fuerte-rechazo-a-la-provincializacion-de-rutas-nacionales-es-ilegal-inconstitucional-e-inoportuno","status":"publish","type":"post","link":"https:\/\/diarioelfederaense.com.ar\/?p=8378","title":{"rendered":"Fuerte rechazo a la provincializaci\u00f3n de rutas nacionales: \u00abEs ilegal, inconstitucional e inoportuno\u00bb"},"content":{"rendered":"\n<p>El Comit\u00e9 Nacional en Defensa del Usuario Vial expres\u00f3 un \u201cen\u00e9rgico rechazo\u201d al decreto que dispone la provincializaci\u00f3n de rutas nacionales.<\/p>\n\n\n\n<p>El Comit\u00e9 Nacional en Defensa del Usuario Vial (CONADUV) cuestion\u00f3 el Decreto 253\/2026 y advirti\u00f3 sobre posibles impactos en la seguridad vial, la econom\u00eda y el federalismo a ra\u00edz de la provincializaci\u00f3n de rutas nacionales.<\/p>\n\n\n\n<p>El Comit\u00e9 Nacional en Defensa del Usuario Vial (CONADUV) expres\u00f3 un \u201cen\u00e9rgico rechazo\u201d al Decreto 253\/2026 del Poder Ejecutivo Nacional, que dispone la provincializaci\u00f3n de rutas nacionales y habilita su financiamiento mediante el sistema de peaje directo.<\/p>\n\n\n\n<p>A trav\u00e9s de un comunicado, la entidad sostuvo que la medida \u201ccarece de una ley formal que la respalde\u201d, lo que \u2014seg\u00fan argumentan\u2014 contraviene lo establecido en el art\u00edculo 75 de la Constituci\u00f3n Nacional, que asigna al Congreso la potestad exclusiva de crear tributos.<\/p>\n\n\n\n<p>Cuestionamientos legales y constitucionales<\/p>\n\n\n\n<p>Desde CONADUV remarcaron que el decreto \u201cviola principios de legalidad, razonabilidad y federalismo\u201d, al tiempo que se\u00f1alaron la ausencia de una transferencia presupuestaria hacia las provincias, requisito que consideran indispensable para este tipo de medidas.<\/p>\n\n\n\n<p>En ese marco, recordaron que la Corte Suprema ha sostenido reiteradamente el principio de que \u201cno hay tributo sin ley\u201d, y advirtieron que el esquema propuesto implica \u201cuna carga econ\u00f3mica obligatoria sin respaldo legal\u201d.<\/p>\n\n\n\n<p>Peaje bajo la lupa<\/p>\n\n\n\n<p>El comunicado tambi\u00e9n pone el foco en el sistema de peaje como mecanismo de financiamiento. Seg\u00fan la organizaci\u00f3n, la jurisprudencia lo admite \u00fanicamente cuando existe una prestaci\u00f3n efectiva y proporcional al usuario.<\/p>\n\n\n\n<p>Sin embargo, sostienen que en este caso \u201cno hay garant\u00eda de contraprestaci\u00f3n suficiente\u201d y que el peaje \u201cse utiliza como un mecanismo general de financiamiento\u201d, lo que lo convierte en \u201cun impuesto encubierto\u201d y, por ende, inconstitucional.<\/p>\n\n\n\n<p>Impacto en el federalismo y la econom\u00eda<\/p>\n\n\n\n<p>La entidad alert\u00f3 adem\u00e1s que la transferencia de la gesti\u00f3n de rutas nacionales a las provincias o al sector privado podr\u00eda generar \u201cgraves consecuencias\u201d en la seguridad vial, las econom\u00edas regionales y la log\u00edstica productiva.<\/p>\n\n\n\n<p>En particular, cuestionaron que la medida traslada responsabilidades sin recursos, lo que \u2014afirman\u2014 vulnera el sistema federal al imponer cargas de manera arbitraria sobre las jurisdicciones provinciales.<\/p>\n\n\n\n<p>Doble imposici\u00f3n y derechos afectados<\/p>\n\n\n\n<p>Otro de los puntos se\u00f1alados es la posible \u201cdoble imposici\u00f3n\u201d, ya que los usuarios viales continuar\u00edan pagando el impuesto a los combustibles mientras se suma el cobro de peajes.<\/p>\n\n\n\n<p>Para CONADUV, esta situaci\u00f3n afecta el derecho a transitar libremente y el derecho de propiedad, consagrados en los art\u00edculos 14 y 17 de la Constituci\u00f3n Nacional.<\/p>\n\n\n\n<p>Cr\u00edticas al modelo de financiamiento<\/p>\n\n\n\n<p>El comunicado tambi\u00e9n cuestiona la Red Federal de Concesiones (RFC) impulsada por el Gobierno nacional y advierte que el sistema de peaje directo \u201cha sido y es un fracaso\u201d, adem\u00e1s de considerarlo \u201cinviable t\u00e9cnicamente\u201d.<\/p>\n\n\n\n<p>Seg\u00fan la organizaci\u00f3n, de mantenerse este esquema, la producci\u00f3n enfrentar\u00e1 mayores dificultades log\u00edsticas, se restringir\u00e1 la circulaci\u00f3n interna y se perder\u00e1 competitividad en los mercados.<\/p>\n\n\n\n<p>Propuestas alternativas<\/p>\n\n\n\n<p>En contraposici\u00f3n, CONADUV propuso avanzar hacia un proyecto vial integral que contemple toda la red caminera nacional y que garantice el uso espec\u00edfico de los fondos provenientes del impuesto a los combustibles.<\/p>\n\n\n\n<p>Asimismo, plantearon la necesidad de fortalecer la Direcci\u00f3n Nacional de Vialidad y promover un sistema de transporte multimodal que integre las v\u00edas terrestre, ferroviaria y fluvial como pol\u00edtica de Estado.<\/p>\n\n\n\n<p>Finalmente, la entidad exhort\u00f3 a autoridades nacionales, provinciales y municipales a respetar la Constituci\u00f3n Nacional y garantizar la libre circulaci\u00f3n.<\/p>\n\n\n\n<p>\u201cCon peaje en la red vial nacional y provincial, y sin caminos alternativos libres de pago, no hay libertad\u201d, concluye el documento.<\/p>\n","protected":false},"excerpt":{"rendered":"<p>El Comit\u00e9 Nacional en Defensa del Usuario Vial expres\u00f3 un \u201cen\u00e9rgico rechazo\u201d al decreto que dispone la provincializaci\u00f3n de rutas nacionales. El Comit\u00e9 Nacional en Defensa del Usuario Vial (CONADUV) cuestion\u00f3 el Decreto 253\/2026 y advirti\u00f3 sobre posibles impactos en la seguridad vial, la econom\u00eda y el federalismo a ra\u00edz de la provincializaci\u00f3n de rutas [&hellip;]<\/p>\n","protected":false},"author":2,"featured_media":8379,"comment_status":"closed","ping_status":"closed","sticky":false,"template":"","format":"standard","meta":{"_et_pb_use_builder":"","_et_pb_old_content":"","footnotes":""},"categories":[1],"tags":[],"class_list":["post-8378","post","type-post","status-publish","format-standard","has-post-thumbnail","hentry","category-sin-categoria"],"_links":{"self":[{"href":"https:\/\/diarioelfederaense.com.ar\/index.php?rest_route=\/wp\/v2\/posts\/8378"}],"collection":[{"href":"https:\/\/diarioelfederaense.com.ar\/index.php?rest_route=\/wp\/v2\/posts"}],"about":[{"href":"https:\/\/diarioelfederaense.com.ar\/index.php?rest_route=\/wp\/v2\/types\/post"}],"author":[{"embeddable":true,"href":"https:\/\/diarioelfederaense.com.ar\/index.php?rest_route=\/wp\/v2\/users\/2"}],"replies":[{"embeddable":true,"href":"https:\/\/diarioelfederaense.com.ar\/index.php?rest_route=%2Fwp%2Fv2%2Fcomments&post=8378"}],"version-history":[{"count":1,"href":"https:\/\/diarioelfederaense.com.ar\/index.php?rest_route=\/wp\/v2\/posts\/8378\/revisions"}],"predecessor-version":[{"id":8380,"href":"https:\/\/diarioelfederaense.com.ar\/index.php?rest_route=\/wp\/v2\/posts\/8378\/revisions\/8380"}],"wp:featuredmedia":[{"embeddable":true,"href":"https:\/\/diarioelfederaense.com.ar\/index.php?rest_route=\/wp\/v2\/media\/8379"}],"wp:attachment":[{"href":"https:\/\/diarioelfederaense.com.ar\/index.php?rest_route=%2Fwp%2Fv2%2Fmedia&parent=8378"}],"wp:term":[{"taxonomy":"category","embeddable":true,"href":"https:\/\/diarioelfederaense.com.ar\/index.php?rest_route=%2Fwp%2Fv2%2Fcategories&post=8378"},{"taxonomy":"post_tag","embeddable":true,"href":"https:\/\/diarioelfederaense.com.ar\/index.php?rest_route=%2Fwp%2Fv2%2Ftags&post=8378"}],"curies":[{"name":"wp","href":"https:\/\/api.w.org\/{rel}","templated":true}]}}