{"id":8372,"date":"2026-04-26T23:26:00","date_gmt":"2026-04-27T02:26:00","guid":{"rendered":"https:\/\/diarioelfederaense.com.ar\/?p=8372"},"modified":"2026-04-26T23:26:02","modified_gmt":"2026-04-27T02:26:02","slug":"kiara-mover-es-la-ganadora-del-auto-del-centro-de-actividades-economicas-de-chajari","status":"publish","type":"post","link":"https:\/\/diarioelfederaense.com.ar\/?p=8372","title":{"rendered":"Kiara Mover es la ganadora del auto del Centro de Actividades Econ\u00f3micas de Chajar\u00ed"},"content":{"rendered":"\n<p>En la tarde de este domingo, frente a su sede, sobre calle Belgrano, el Centro de Actividades Econ\u00f3micas de la ciudad de Chajar\u00ed, realiz\u00f3 el sorteo de un auto O kil\u00f3metro.<\/p>\n\n\n\n<p>Se cont\u00f3 con una importante cantidad de vecinos, quienes se acercaron al lugar para ser parte del evento.<\/p>\n\n\n\n<p>La ganadora fue la joven Kiara Mover, de 22 a\u00f1os, su cup\u00f3n corresponde a un autoservicio local. Recordemos que para ser parte del sorteo, se deb\u00eda comprar en los comercios adheridos y completar el cup\u00f3n correspondiente.<\/p>\n\n\n\n<p>Adem\u00e1s del sorteo del auto, durante la tarde se regalaron m\u00e1s de 40 \u00f3rdenes de compras entre los presentes.<\/p>\n\n\n\n<figure class=\"wp-block-image\"><img decoding=\"async\" src=\"https:\/\/chajarialdia.com.ar\/wp-content\/uploads\/2026\/04\/IMG-20260426-WA0079-1170x694.jpg\" alt=\"\" class=\"wp-image-315369\"\/><\/figure>\n\n\n\n<p>Tras el evento, Gustavo Percara, di\u00e1logo con un cronista de Radio Chajar\u00ed y expres\u00f3: \u201cEstamos muy contentos, se cont\u00f3 con la participaci\u00f3n de mucha gente. Para nosotros es la satisfacci\u00f3n de la labor cumplida (\u2026). La idea era que el comerciante pueda agradecerle al cliente (\u2026)\u201d.<\/p>\n\n\n\n<p>Sobre la remodelaci\u00f3n de la sede, dijo que se encuentran en la etapa final y que se inaugurar\u00eda en el mes de mayo. A su vez, invit\u00f3 a los comerciantes a ser parte de dicho centro y hacer uso de sus beneficios e instalaciones.<\/p>\n\n\n\n<p>La jornada cont\u00f3 con la conducci\u00f3n de Paula Perez.<\/p>\n\n\n\n<figure class=\"wp-block-image\"><img decoding=\"async\" src=\"https:\/\/chajarialdia.com.ar\/wp-content\/uploads\/2026\/04\/IMG-20260426-WA0066-1170x694.jpg\" alt=\"\" class=\"wp-image-315370\"\/><\/figure>\n\n\n\n<ul class=\"wp-block-list\">\n<li><a href=\"https:\/\/chajarialdia.com.ar\/?m=20260426\">26\/04\/2026<\/a><\/li>\n<\/ul>\n\n\n\n<ul class=\"wp-block-list\">\n<li>\n<ul class=\"wp-block-list\">\n<li><a href=\"http:\/\/www.facebook.com\/sharer.php?u=https%3A%2F%2Fchajarialdia.com.ar%2F%3Fp%3D315367&amp;t=Kiara+Mover+es+la+ganadora+del+auto+del+Centro+de+Actividades+Econ%C3%B3micas+de+Chajar%C3%AD\"><\/a><\/li>\n\n\n\n<li><a href=\"http:\/\/twitter.com\/home?status=Reading:Kiara+Mover+es+la+ganadora+del+auto+del+Centro+de+Actividades+Econ%C3%B3micas+de+Chajar%C3%AD-https:\/\/chajarialdia.com.ar\/\/?p=315367\" target=\"_blank\" rel=\"noreferrer noopener\"><\/a><\/li>\n\n\n\n<li><a href=\"whatsapp:\/\/send?text=Kiara+Mover+es+la+ganadora+del+auto+del+Centro+de+Actividades+Econ%C3%B3micas+de+Chajar%C3%AD-https:\/\/chajarialdia.com.ar\/?p=315367\"><\/a><\/li>\n<\/ul>\n<\/li>\n<\/ul>\n","protected":false},"excerpt":{"rendered":"<p>En la tarde de este domingo, frente a su sede, sobre calle Belgrano, el Centro de Actividades Econ\u00f3micas de la ciudad de Chajar\u00ed, realiz\u00f3 el sorteo de un auto O kil\u00f3metro. Se cont\u00f3 con una importante cantidad de vecinos, quienes se acercaron al lugar para ser parte del evento. La ganadora fue la joven Kiara [&hellip;]<\/p>\n","protected":false},"author":2,"featured_media":8373,"comment_status":"closed","ping_status":"closed","sticky":false,"template":"","format":"standard","meta":{"_et_pb_use_builder":"","_et_pb_old_content":"","footnotes":""},"categories":[1],"tags":[],"class_list":["post-8372","post","type-post","status-publish","format-standard","has-post-thumbnail","hentry","category-sin-categoria"],"_links":{"self":[{"href":"https:\/\/diarioelfederaense.com.ar\/index.php?rest_route=\/wp\/v2\/posts\/8372"}],"collection":[{"href":"https:\/\/diarioelfederaense.com.ar\/index.php?rest_route=\/wp\/v2\/posts"}],"about":[{"href":"https:\/\/diarioelfederaense.com.ar\/index.php?rest_route=\/wp\/v2\/types\/post"}],"author":[{"embeddable":true,"href":"https:\/\/diarioelfederaense.com.ar\/index.php?rest_route=\/wp\/v2\/users\/2"}],"replies":[{"embeddable":true,"href":"https:\/\/diarioelfederaense.com.ar\/index.php?rest_route=%2Fwp%2Fv2%2Fcomments&post=8372"}],"version-history":[{"count":1,"href":"https:\/\/diarioelfederaense.com.ar\/index.php?rest_route=\/wp\/v2\/posts\/8372\/revisions"}],"predecessor-version":[{"id":8374,"href":"https:\/\/diarioelfederaense.com.ar\/index.php?rest_route=\/wp\/v2\/posts\/8372\/revisions\/8374"}],"wp:featuredmedia":[{"embeddable":true,"href":"https:\/\/diarioelfederaense.com.ar\/index.php?rest_route=\/wp\/v2\/media\/8373"}],"wp:attachment":[{"href":"https:\/\/diarioelfederaense.com.ar\/index.php?rest_route=%2Fwp%2Fv2%2Fmedia&parent=8372"}],"wp:term":[{"taxonomy":"category","embeddable":true,"href":"https:\/\/diarioelfederaense.com.ar\/index.php?rest_route=%2Fwp%2Fv2%2Fcategories&post=8372"},{"taxonomy":"post_tag","embeddable":true,"href":"https:\/\/diarioelfederaense.com.ar\/index.php?rest_route=%2Fwp%2Fv2%2Ftags&post=8372"}],"curies":[{"name":"wp","href":"https:\/\/api.w.org\/{rel}","templated":true}]}}