{"id":8363,"date":"2026-04-25T18:18:27","date_gmt":"2026-04-25T21:18:27","guid":{"rendered":"https:\/\/diarioelfederaense.com.ar\/?p=8363"},"modified":"2026-04-25T18:18:28","modified_gmt":"2026-04-25T21:18:28","slug":"sin-agua-no-hay-vida-este-domingo-tres-ciudades-entrerrianas-marcharan-en-defensa-ambiental-del-rio-uruguay","status":"publish","type":"post","link":"https:\/\/diarioelfederaense.com.ar\/?p=8363","title":{"rendered":"\u201cSin agua no hay vida\u201d: este domingo tres ciudades entrerrianas marchar\u00e1n en defensa ambiental del r\u00edo Uruguay"},"content":{"rendered":"\n<p>Vecinos de Concordia, Col\u00f3n y Gualeguaych\u00fa se movilizar\u00e1n este domingo en simult\u00e1neo para reclamar por la protecci\u00f3n ambiental del r\u00edo Uruguay y los humedales de la regi\u00f3n.<\/p>\n\n\n\n<p>La 22\u00aa Marcha al Puente Internacional General San Mart\u00edn se llevar\u00e1 a cabo este domingo desde las 15:30, con la tradicional concentraci\u00f3n en Arroyo Verde. Media hora m\u00e1s tarde est\u00e1 previsto el acto central y a las 17 partir\u00e1 la caravana automovil\u00edstica hasta el Puente que vincula a Gualeguaych\u00fa con Fray Bentos.<\/p>\n\n\n\n<p>Este a\u00f1o el lema elegido por la Asamblea Ciudadana Ambiental de Gualeguaych\u00fa es \u201cSin agua no hay vida\u201d, y la movilizaci\u00f3n -que se ha convertido en un emblema de la lucha ambiental en la regi\u00f3n-, reforzar\u00e1 el reclamo hist\u00f3rico contra la presencia contaminante de las pasteras de la empresa UPM-Botnia, recordar\u00e1 que los gobiernos tienen tareas pendientes para lograr una efectiva protecci\u00f3n de los r\u00edos y humedales y reflejar\u00e1 que la conflictividad social y ambiental de los pueblos ribere\u00f1os sigue activa por la falta de respuestas reales y concretas.<\/p>\n\n\n\n<p>La movilizaci\u00f3n -tal como se viene organizando en los \u00faltimos a\u00f1os- se realizar\u00e1 con la modalidad de caravana de veh\u00edculos y partir\u00e1 desde el paraje Arroyo Verde -sitio emblem\u00e1tico de la protesta donde se realiz\u00f3 un hist\u00f3rico corte de ruta-, para dirigirse hacia la cabecera del puente internacional que une Argentina con Uruguay. Tras la concentraci\u00f3n, los participantes regresar\u00e1n al mismo de partida, donde est\u00e1 previsto el acto central y se compartir\u00e1 la lectura de la proclama conteniendo el pliego de demandas en materia de pol\u00edtica ambiental.<\/p>\n\n\n\n<p>Col\u00f3n y Concordia<\/p>\n\n\n\n<p>La movilizaci\u00f3n impulsada por la Asamblea Ciudadana Ambiental d Gualeguaych\u00fa, este a\u00f1o contar\u00e1 con el acompa\u00f1amiento de las comunidades de Col\u00f3n y Concordia, que tambi\u00e9n tienen prevista una serie de acciones en defensa del r\u00edo Uruguay.<\/p>\n\n\n\n<p>En Col\u00f3n, la movilizaci\u00f3n ser\u00e1 al Puente \u201cGeneral Artigas\u201d que los vincula con Paysand\u00fa y la protesta se concentrar\u00e1 en el pedido de relocalizaci\u00f3n del proyecto de la refiner\u00eda de HIF Global.<\/p>\n\n\n\n<p>En Concordia, la jornada comenzar\u00e1 a las 15:30 con una caravana de autom\u00f3viles desde la Plaza Rural hasta la rotonda de acceso al lago. Una hora m\u00e1s tarde se realizar\u00e1 una marcha desde la rotonda de acceso al lago, seguida de una asamblea popular.<\/p>\n\n\n\n<p>Los organizadores exigen al gobierno nacional, provincial y municipal que se frene el vertido de agrot\u00f3xicos, desechos cloacales e industriales en el r\u00edo, al que responsabilizan por la proliferaci\u00f3n de algas en las playas. Tambi\u00e9n rechazan la destrucci\u00f3n de humedales y cuestionan leyes provinciales recientes que, seg\u00fan denuncian, permiten fumigar a 5 metros de los r\u00edos y a 15 metros de viviendas.<\/p>\n\n\n\n<p>Entre sus demandas figura la adopci\u00f3n de un modelo productivo basado en la agroecolog\u00eda y la soberan\u00eda alimentaria como pol\u00edtica de Estado, as\u00ed como el rechazo a proyectos como el de la empresa HIF, a la que acusan de amenazar el ecosistema del Uruguay.<\/p>\n","protected":false},"excerpt":{"rendered":"<p>Vecinos de Concordia, Col\u00f3n y Gualeguaych\u00fa se movilizar\u00e1n este domingo en simult\u00e1neo para reclamar por la protecci\u00f3n ambiental del r\u00edo Uruguay y los humedales de la regi\u00f3n. La 22\u00aa Marcha al Puente Internacional General San Mart\u00edn se llevar\u00e1 a cabo este domingo desde las 15:30, con la tradicional concentraci\u00f3n en Arroyo Verde. Media hora m\u00e1s [&hellip;]<\/p>\n","protected":false},"author":2,"featured_media":8364,"comment_status":"closed","ping_status":"closed","sticky":false,"template":"","format":"standard","meta":{"_et_pb_use_builder":"","_et_pb_old_content":"","footnotes":""},"categories":[1],"tags":[],"class_list":["post-8363","post","type-post","status-publish","format-standard","has-post-thumbnail","hentry","category-sin-categoria"],"_links":{"self":[{"href":"https:\/\/diarioelfederaense.com.ar\/index.php?rest_route=\/wp\/v2\/posts\/8363"}],"collection":[{"href":"https:\/\/diarioelfederaense.com.ar\/index.php?rest_route=\/wp\/v2\/posts"}],"about":[{"href":"https:\/\/diarioelfederaense.com.ar\/index.php?rest_route=\/wp\/v2\/types\/post"}],"author":[{"embeddable":true,"href":"https:\/\/diarioelfederaense.com.ar\/index.php?rest_route=\/wp\/v2\/users\/2"}],"replies":[{"embeddable":true,"href":"https:\/\/diarioelfederaense.com.ar\/index.php?rest_route=%2Fwp%2Fv2%2Fcomments&post=8363"}],"version-history":[{"count":1,"href":"https:\/\/diarioelfederaense.com.ar\/index.php?rest_route=\/wp\/v2\/posts\/8363\/revisions"}],"predecessor-version":[{"id":8365,"href":"https:\/\/diarioelfederaense.com.ar\/index.php?rest_route=\/wp\/v2\/posts\/8363\/revisions\/8365"}],"wp:featuredmedia":[{"embeddable":true,"href":"https:\/\/diarioelfederaense.com.ar\/index.php?rest_route=\/wp\/v2\/media\/8364"}],"wp:attachment":[{"href":"https:\/\/diarioelfederaense.com.ar\/index.php?rest_route=%2Fwp%2Fv2%2Fmedia&parent=8363"}],"wp:term":[{"taxonomy":"category","embeddable":true,"href":"https:\/\/diarioelfederaense.com.ar\/index.php?rest_route=%2Fwp%2Fv2%2Fcategories&post=8363"},{"taxonomy":"post_tag","embeddable":true,"href":"https:\/\/diarioelfederaense.com.ar\/index.php?rest_route=%2Fwp%2Fv2%2Ftags&post=8363"}],"curies":[{"name":"wp","href":"https:\/\/api.w.org\/{rel}","templated":true}]}}