{"id":8360,"date":"2026-04-25T17:52:28","date_gmt":"2026-04-25T20:52:28","guid":{"rendered":"https:\/\/diarioelfederaense.com.ar\/?p=8360"},"modified":"2026-04-25T17:52:28","modified_gmt":"2026-04-25T20:52:28","slug":"ahi-lo-tenes-a-peluca-se-cree-un-gran-gobernante","status":"publish","type":"post","link":"https:\/\/diarioelfederaense.com.ar\/?p=8360","title":{"rendered":"AH\u00cd LO TENES A PELUCA, SE CREE UN GRAN GOBERNANTE&#8230;"},"content":{"rendered":"\n<p>MILEI CONFIRM\u00d3 QUE BUSCAR\u00c1 LA REELECCI\u00d3N EN 2027<\/p>\n\n\n\n<p>En una entrevista brindada al programa Argendata (Neura), el presidente Javier Milei ratific\u00f3 su intenci\u00f3n de presentarse para un segundo mandato. \u201cNo solo voy a terminar este mandato, voy a aplicar a otro si creo que hice las cosas bien. Despu\u00e9s va a decidir la gente\u201d, sentenci\u00f3 el jefe de Estado. <img loading=\"lazy\" decoding=\"async\" height=\"16\" width=\"16\" alt=\"\ud83c\udde6\ud83c\uddf7\" src=\"https:\/\/static.xx.fbcdn.net\/images\/emoji.php\/v9\/t48\/1\/16\/1f1e6_1f1f7.png\"><img loading=\"lazy\" decoding=\"async\" height=\"16\" width=\"16\" alt=\"\ud83c\udfdb\ufe0f\" src=\"https:\/\/static.xx.fbcdn.net\/images\/emoji.php\/v9\/t89\/1\/16\/1f3db.png\"><\/p>\n\n\n\n<p>Adem\u00e1s, el mandatario confirm\u00f3 que el pr\u00f3ximo mi\u00e9rcoles acompa\u00f1ar\u00e1 al jefe de Gabinete al Congreso nacional. El gesto busca reafirmar el apoyo pol\u00edtico al funcionario, quien es investigado por la Justicia por presunto enriquecimiento il\u00edcito.<\/p>\n\n\n\n<p>Sobre la investigaci\u00f3n judicial:<\/p>\n\n\n\n<p>Milei subray\u00f3 la tranquilidad del Gobierno respecto a la causa: \u201cManuel dar\u00e1 las respuestas que correspondan, se est\u00e1n cumpliendo los plazos y estamos muy tranquilos\u201d.<\/p>\n","protected":false},"excerpt":{"rendered":"<p>MILEI CONFIRM\u00d3 QUE BUSCAR\u00c1 LA REELECCI\u00d3N EN 2027 En una entrevista brindada al programa Argendata (Neura), el presidente Javier Milei ratific\u00f3 su intenci\u00f3n de presentarse para un segundo mandato. \u201cNo solo voy a terminar este mandato, voy a aplicar a otro si creo que hice las cosas bien. Despu\u00e9s va a decidir la gente\u201d, sentenci\u00f3 [&hellip;]<\/p>\n","protected":false},"author":2,"featured_media":8361,"comment_status":"closed","ping_status":"closed","sticky":false,"template":"","format":"standard","meta":{"_et_pb_use_builder":"","_et_pb_old_content":"","footnotes":""},"categories":[1],"tags":[],"class_list":["post-8360","post","type-post","status-publish","format-standard","has-post-thumbnail","hentry","category-sin-categoria"],"_links":{"self":[{"href":"https:\/\/diarioelfederaense.com.ar\/index.php?rest_route=\/wp\/v2\/posts\/8360"}],"collection":[{"href":"https:\/\/diarioelfederaense.com.ar\/index.php?rest_route=\/wp\/v2\/posts"}],"about":[{"href":"https:\/\/diarioelfederaense.com.ar\/index.php?rest_route=\/wp\/v2\/types\/post"}],"author":[{"embeddable":true,"href":"https:\/\/diarioelfederaense.com.ar\/index.php?rest_route=\/wp\/v2\/users\/2"}],"replies":[{"embeddable":true,"href":"https:\/\/diarioelfederaense.com.ar\/index.php?rest_route=%2Fwp%2Fv2%2Fcomments&post=8360"}],"version-history":[{"count":1,"href":"https:\/\/diarioelfederaense.com.ar\/index.php?rest_route=\/wp\/v2\/posts\/8360\/revisions"}],"predecessor-version":[{"id":8362,"href":"https:\/\/diarioelfederaense.com.ar\/index.php?rest_route=\/wp\/v2\/posts\/8360\/revisions\/8362"}],"wp:featuredmedia":[{"embeddable":true,"href":"https:\/\/diarioelfederaense.com.ar\/index.php?rest_route=\/wp\/v2\/media\/8361"}],"wp:attachment":[{"href":"https:\/\/diarioelfederaense.com.ar\/index.php?rest_route=%2Fwp%2Fv2%2Fmedia&parent=8360"}],"wp:term":[{"taxonomy":"category","embeddable":true,"href":"https:\/\/diarioelfederaense.com.ar\/index.php?rest_route=%2Fwp%2Fv2%2Fcategories&post=8360"},{"taxonomy":"post_tag","embeddable":true,"href":"https:\/\/diarioelfederaense.com.ar\/index.php?rest_route=%2Fwp%2Fv2%2Ftags&post=8360"}],"curies":[{"name":"wp","href":"https:\/\/api.w.org\/{rel}","templated":true}]}}