{"id":8354,"date":"2026-04-25T08:54:54","date_gmt":"2026-04-25T11:54:54","guid":{"rendered":"https:\/\/diarioelfederaense.com.ar\/?p=8354"},"modified":"2026-04-25T08:54:55","modified_gmt":"2026-04-25T11:54:55","slug":"uno-de-los-trillizos-nacidos-en-concordia-presento-complicaciones-y-piden-cadena-de-oracion","status":"publish","type":"post","link":"https:\/\/diarioelfederaense.com.ar\/?p=8354","title":{"rendered":"Uno de los trillizos nacidos en Concordia present\u00f3 complicaciones y piden \u00abcadena de oraci\u00f3n\u00bb"},"content":{"rendered":"\n<p>Se trata de los tres hermanitos de Feliciano, nacidos en Concordia. Su familia agradeci\u00f3 el acompa\u00f1amiento y pidi\u00f3 una cadena de oraci\u00f3n.<\/p>\n\n\n\n<p>Vale recordar que &#8211; promediando abril &#8211; se informaba acerca del nacimiento de trillizos en el hospital Delicia Concepci\u00f3n Masvernat de Concordia.<\/p>\n\n\n\n<p>Cadena de oraci\u00f3n<\/p>\n\n\n\n<p>El parto se realiz\u00f3 mediante una ces\u00e1rea y fue posible gracias a un trabajo interdisciplinario entre profesionales de las \u00e1reas de obstetricia, pediatr\u00eda y neonatolog\u00eda del principal centro de salud de referencia de la regi\u00f3n.<\/p>\n\n\n\n<p>Este viernes, a ocho d\u00edas del nacimiento, se conoci\u00f3 un nuevo parte de salud de los menores. Mientras dos de ellos est\u00e1n bien, uno present\u00f3 complicaciones, por lo que su familia pide una cadena de oraci\u00f3n.<\/p>\n\n\n\n<p>\u201cQuer\u00edamos comentar que Mat\u00edas y Monserrat se encuentran bien, estables y evolucionando favorablemente, lo cual nos da mucha tranquilidad. La que est\u00e1 un poquito m\u00e1s delicada es Magnolia, por quien queremos pedir especialmente una cadena de oraci\u00f3n\u201d, expres\u00f3 su t\u00eda a trav\u00e9s de un mensaje.<\/p>\n\n\n\n<p>\u201cSe encuentra luchando con una bacteria intrahospitalaria, pero hoy amaneci\u00f3 con una leve mejor\u00eda que nos llena de esperanza y confiamos en que siga progresando d\u00eda a d\u00eda. Agradecemos de coraz\u00f3n el acompa\u00f1amiento, el cari\u00f1o y cada oraci\u00f3n en este momento tan importante para nosotros\u201d, agreg\u00f3 la mujer.<\/p>\n\n\n\n<p>Cabe recordar que la madre de los ni\u00f1os es de Feliciano, y desde el momento mismo del nacimiento se lanzaron campa\u00f1as para colaborar con el mantenimiento de los beb\u00e9s.<\/p>\n\n\n\n<p>Trillizos<\/p>\n\n\n\n<p>El pasado 16 de abril, tras el nacimiento, los trillizos fueron derivados al \u00e1rea de neonatolog\u00eda, donde permanecieron bajo observaci\u00f3n m\u00e9dica. La ces\u00e1rea estuvo a cargo de las doctoras Goyeneche, Hacha y Coduri, con la asistencia de una anestesi\u00f3loga de apellido Verle, en el marco de un operativo que demand\u00f3 la intervenci\u00f3n de un equipo especializado y de enfermer\u00eda.<\/p>\n\n\n\n<p>La madre, de 32 a\u00f1os y oriunda de San Jos\u00e9 de Feliciano, se encuentra en buen estado de salud.<\/p>\n\n\n\n<p>Cabe aclarar que el nacimiento de trillizos no es habitual en la regi\u00f3n, por lo que el hecho gener\u00f3 satisfacci\u00f3n entre el personal del hospital, que destac\u00f3 el trabajo coordinado para llevar adelante el procedimiento.<\/p>\n\n\n\n<p>Fuente: Ahora.<\/p>\n","protected":false},"excerpt":{"rendered":"<p>Se trata de los tres hermanitos de Feliciano, nacidos en Concordia. Su familia agradeci\u00f3 el acompa\u00f1amiento y pidi\u00f3 una cadena de oraci\u00f3n. Vale recordar que &#8211; promediando abril &#8211; se informaba acerca del nacimiento de trillizos en el hospital Delicia Concepci\u00f3n Masvernat de Concordia. Cadena de oraci\u00f3n El parto se realiz\u00f3 mediante una ces\u00e1rea y [&hellip;]<\/p>\n","protected":false},"author":2,"featured_media":8355,"comment_status":"closed","ping_status":"closed","sticky":false,"template":"","format":"standard","meta":{"_et_pb_use_builder":"","_et_pb_old_content":"","footnotes":""},"categories":[1],"tags":[],"class_list":["post-8354","post","type-post","status-publish","format-standard","has-post-thumbnail","hentry","category-sin-categoria"],"_links":{"self":[{"href":"https:\/\/diarioelfederaense.com.ar\/index.php?rest_route=\/wp\/v2\/posts\/8354"}],"collection":[{"href":"https:\/\/diarioelfederaense.com.ar\/index.php?rest_route=\/wp\/v2\/posts"}],"about":[{"href":"https:\/\/diarioelfederaense.com.ar\/index.php?rest_route=\/wp\/v2\/types\/post"}],"author":[{"embeddable":true,"href":"https:\/\/diarioelfederaense.com.ar\/index.php?rest_route=\/wp\/v2\/users\/2"}],"replies":[{"embeddable":true,"href":"https:\/\/diarioelfederaense.com.ar\/index.php?rest_route=%2Fwp%2Fv2%2Fcomments&post=8354"}],"version-history":[{"count":1,"href":"https:\/\/diarioelfederaense.com.ar\/index.php?rest_route=\/wp\/v2\/posts\/8354\/revisions"}],"predecessor-version":[{"id":8356,"href":"https:\/\/diarioelfederaense.com.ar\/index.php?rest_route=\/wp\/v2\/posts\/8354\/revisions\/8356"}],"wp:featuredmedia":[{"embeddable":true,"href":"https:\/\/diarioelfederaense.com.ar\/index.php?rest_route=\/wp\/v2\/media\/8355"}],"wp:attachment":[{"href":"https:\/\/diarioelfederaense.com.ar\/index.php?rest_route=%2Fwp%2Fv2%2Fmedia&parent=8354"}],"wp:term":[{"taxonomy":"category","embeddable":true,"href":"https:\/\/diarioelfederaense.com.ar\/index.php?rest_route=%2Fwp%2Fv2%2Fcategories&post=8354"},{"taxonomy":"post_tag","embeddable":true,"href":"https:\/\/diarioelfederaense.com.ar\/index.php?rest_route=%2Fwp%2Fv2%2Ftags&post=8354"}],"curies":[{"name":"wp","href":"https:\/\/api.w.org\/{rel}","templated":true}]}}