{"id":8351,"date":"2026-04-25T08:53:55","date_gmt":"2026-04-25T11:53:55","guid":{"rendered":"https:\/\/diarioelfederaense.com.ar\/?p=8351"},"modified":"2026-04-25T08:53:56","modified_gmt":"2026-04-25T11:53:56","slug":"caso-luana-investigaran-a-funcionarios-de-organismos-intervinientes-y-podria-haber-imputados","status":"publish","type":"post","link":"https:\/\/diarioelfederaense.com.ar\/?p=8351","title":{"rendered":"Caso Luana: investigar\u00e1n a funcionarios de organismos intervinientes y podr\u00eda haber imputados"},"content":{"rendered":"\n<p>La fiscal Josefina Penon confirm\u00f3 que los restos de la menor ya fueron entregados a su familia en Federaci\u00f3n. El avanzado estado de descomposici\u00f3n complica la autopsia, mientras la causa avanza bajo la grave imputaci\u00f3n de abandono de persona agravado.<\/p>\n\n\n\n<p>La ciudad de Federaci\u00f3n vive d\u00edas de profunda conmoci\u00f3n tras nuevos avances en la investigaci\u00f3n por la muerte de Luana Cabral. La fiscal a cargo de la causa, Josefina Penon, brind\u00f3 declaraciones en las que expuso detalles impactantes sobre el estado del proceso judicial y las dificultades que enfrenta la investigaci\u00f3n.<\/p>\n\n\n\n<p>Uno de los datos m\u00e1s relevantes es que los restos de la menor ya fueron trasladados a Federaci\u00f3n y entregados a su hermana mayor, Emilia Pucheta, quien se constituy\u00f3 como querellante para intervenir activamente en la causa, public\u00f3 el medio La \u00daltima Campana.<\/p>\n\n\n\n<p>En cuanto a las pericias forenses, la fiscal confirm\u00f3 que el estado del cuerpo representa un obst\u00e1culo significativo. Seg\u00fan explic\u00f3, el nivel de descomposici\u00f3n era extremo. Esta situaci\u00f3n limita la posibilidad de obtener conclusiones inmediatas a partir de la autopsia, por lo que se iniciaron consultas con especialistas de otras provincias para intentar reconstruir lo ocurrido.<\/p>\n\n\n\n<p>Adem\u00e1s, la fiscal confirm\u00f3 que la investigaci\u00f3n se ampl\u00eda hacia otros posibles responsables. Se analiza el accionar de organismos p\u00fablicos que podr\u00edan haber intervenido previamente en la situaci\u00f3n de la menor. En caso de detectarse negligencias, no se descartan nuevas imputaciones contra funcionarios o personal estatal.<\/p>\n\n\n\n<p>En este sentido, detall\u00f3: \u00abEsto no quita que el d\u00eda de ma\u00f1ana se puedan ampliar imputaciones, reunir evidencia que permita sospechar que hay otra persona que no sean los padres, sino de alg\u00fan organismo, alg\u00fan funcionario de alg\u00fan organismo del Estado a quien tambi\u00e9n le correspond\u00eda la responsabilidad o la obligaci\u00f3n legal de asistir a Luana\u00bb.<\/p>\n\n\n\n<p>\u00abRecabamos informaci\u00f3n de los organismos de salud que deb\u00edan asistir a Luana, a quienes se le hab\u00eda dado intervenci\u00f3n. Creemos que hubo una falencia, pero tambi\u00e9n es materia de investigaci\u00f3n\u00bb, subray\u00f3 Penon.<\/p>\n\n\n\n<p>Respecto a la situaci\u00f3n judicial de los padres, la causa muestra avances concretos. El padre de la menor continuar\u00e1 detenido, ya que la prisi\u00f3n preventiva por 60 d\u00edas qued\u00f3 firme tras no ser apelada por su defensa. El hombre opt\u00f3 por no declarar, aunque sostuvo que no conviv\u00eda en el domicilio desde d\u00edas previos, un argumento que la fiscal\u00eda considera insuficiente frente a sus responsabilidades.<\/p>\n\n\n\n<p>\u00ab\u00c9l hizo una aclaraci\u00f3n de que \u00e9l hac\u00eda 15 d\u00edas que viv\u00eda en ese domicilio. Fue lo \u00fanico que declar\u00f3. Me parece un absurdo, porque el hecho de no vivir en la casa donde vive tu hija no te quita responsabilidad\u00bb, apunt\u00f3 la fiscal en di\u00e1logo con La \u00daltima Campana.<\/p>\n\n\n\n<p>Por su parte, la madre permanece detenida bajo custodia policial, aunque contin\u00faa internada en el Hospital San Jos\u00e9 debido a un cuadro de depresi\u00f3n aguda que, por el momento, le impide prestar declaraci\u00f3n, inform\u00f3 La \u00daltima Campana.<\/p>\n\n\n\n<p>\u00abDe lo que se los acusa es de no haber hecho cuando tienen la obligaci\u00f3n legal de hacer. Ellos no cuidaron a Luana, ellos no alimentaron a Luana\u00bb, se\u00f1al\u00f3 Penon.<\/p>\n\n\n\n<p>Y asever\u00f3 que \u00abLuana era una ni\u00f1a que pr\u00e1cticamente era un beb\u00e9, una persona que ten\u00eda una discapacidad que la hac\u00eda depender absolutamente&#8230; Ellos no hicieron nada para que Luana contin\u00fae con vida\u00bb.<\/p>\n\n\n\n<p>C\u00f3mo contin\u00faa la causa<\/p>\n\n\n\n<p>La investigaci\u00f3n est\u00e1 caratulada provisoriamente como \u201cabandono de persona agravado por el v\u00ednculo y el resultado de muerte\u201d, una figura penal de extrema gravedad. Desde la fiscal\u00eda sostienen que la menor depend\u00eda completamente de sus padres y que no se cumplieron las condiciones m\u00ednimas necesarias para garantizar su supervivencia.<\/p>\n\n\n\n<p>De sostenerse esta imputaci\u00f3n, las penas previstas van de 8 a 20 a\u00f1os de prisi\u00f3n, aunque no se descarta un agravamiento en funci\u00f3n de los resultados finales de las pericias y los informes m\u00e9dicos.<\/p>\n\n\n\n<p>Adolescente discapacitada hallada muerta: apelar\u00e1n liberaci\u00f3n del padre y prorrogan detenci\u00f3n de la madre<\/p>\n\n\n\n<p>Adolescente discapacitada hallada muerta: apelar\u00e1n liberaci\u00f3n del padre y prorrogan detenci\u00f3n de la madre<\/p>\n\n\n\n<p>Mientras tanto, la Fiscal\u00eda contin\u00faa recabando testimonios de familiares, vecinos y profesionales de la salud, en un intento por reconstruir los hechos detr\u00e1s de una tragedia que ha generado un fuerte impacto en toda la comunidad.<\/p>\n","protected":false},"excerpt":{"rendered":"<p>La fiscal Josefina Penon confirm\u00f3 que los restos de la menor ya fueron entregados a su familia en Federaci\u00f3n. El avanzado estado de descomposici\u00f3n complica la autopsia, mientras la causa avanza bajo la grave imputaci\u00f3n de abandono de persona agravado. La ciudad de Federaci\u00f3n vive d\u00edas de profunda conmoci\u00f3n tras nuevos avances en la investigaci\u00f3n [&hellip;]<\/p>\n","protected":false},"author":2,"featured_media":8352,"comment_status":"closed","ping_status":"closed","sticky":false,"template":"","format":"standard","meta":{"_et_pb_use_builder":"","_et_pb_old_content":"","footnotes":""},"categories":[1],"tags":[],"class_list":["post-8351","post","type-post","status-publish","format-standard","has-post-thumbnail","hentry","category-sin-categoria"],"_links":{"self":[{"href":"https:\/\/diarioelfederaense.com.ar\/index.php?rest_route=\/wp\/v2\/posts\/8351"}],"collection":[{"href":"https:\/\/diarioelfederaense.com.ar\/index.php?rest_route=\/wp\/v2\/posts"}],"about":[{"href":"https:\/\/diarioelfederaense.com.ar\/index.php?rest_route=\/wp\/v2\/types\/post"}],"author":[{"embeddable":true,"href":"https:\/\/diarioelfederaense.com.ar\/index.php?rest_route=\/wp\/v2\/users\/2"}],"replies":[{"embeddable":true,"href":"https:\/\/diarioelfederaense.com.ar\/index.php?rest_route=%2Fwp%2Fv2%2Fcomments&post=8351"}],"version-history":[{"count":1,"href":"https:\/\/diarioelfederaense.com.ar\/index.php?rest_route=\/wp\/v2\/posts\/8351\/revisions"}],"predecessor-version":[{"id":8353,"href":"https:\/\/diarioelfederaense.com.ar\/index.php?rest_route=\/wp\/v2\/posts\/8351\/revisions\/8353"}],"wp:featuredmedia":[{"embeddable":true,"href":"https:\/\/diarioelfederaense.com.ar\/index.php?rest_route=\/wp\/v2\/media\/8352"}],"wp:attachment":[{"href":"https:\/\/diarioelfederaense.com.ar\/index.php?rest_route=%2Fwp%2Fv2%2Fmedia&parent=8351"}],"wp:term":[{"taxonomy":"category","embeddable":true,"href":"https:\/\/diarioelfederaense.com.ar\/index.php?rest_route=%2Fwp%2Fv2%2Fcategories&post=8351"},{"taxonomy":"post_tag","embeddable":true,"href":"https:\/\/diarioelfederaense.com.ar\/index.php?rest_route=%2Fwp%2Fv2%2Ftags&post=8351"}],"curies":[{"name":"wp","href":"https:\/\/api.w.org\/{rel}","templated":true}]}}