{"id":8348,"date":"2026-04-24T10:46:18","date_gmt":"2026-04-24T13:46:18","guid":{"rendered":"https:\/\/diarioelfederaense.com.ar\/?p=8348"},"modified":"2026-04-24T10:46:19","modified_gmt":"2026-04-24T13:46:19","slug":"la-cafesg-finalizo-las-obras-en-la-escuela-pascual-pringles-de-paraje-guayaquil","status":"publish","type":"post","link":"https:\/\/diarioelfederaense.com.ar\/?p=8348","title":{"rendered":"LA CAFESG FINALIZ\u00d3 LAS OBRAS EN LA ESCUELA PASCUAL PRINGLES DE PARAJE GUAYAQUIL"},"content":{"rendered":"\n<p>La Comisi\u00f3n Administradora para el Fondo Especial de Salto Grande (CAFESG), bajo la \u00f3rbita de la Secretar\u00eda General de la Gobernaci\u00f3n a cargo de Mauricio Colello, anunci\u00f3 la culminaci\u00f3n de los trabajos de mejoras edilicias en la escuela N\u00b042 Pascual Pringles, ubicada en el Paraje Guayaquil, en departamento Federaci\u00f3n.<\/p>\n\n\n\n<p>La obra cont\u00f3 con un presupuesto oficial de 153.973.858 pesos y tuvo como objetivo principal devolver la seguridad y funcionalidad a un edificio afectado por el paso del tiempo y las inclemencias clim\u00e1ticas.<\/p>\n","protected":false},"excerpt":{"rendered":"<p>La Comisi\u00f3n Administradora para el Fondo Especial de Salto Grande (CAFESG), bajo la \u00f3rbita de la Secretar\u00eda General de la Gobernaci\u00f3n a cargo de Mauricio Colello, anunci\u00f3 la culminaci\u00f3n de los trabajos de mejoras edilicias en la escuela N\u00b042 Pascual Pringles, ubicada en el Paraje Guayaquil, en departamento Federaci\u00f3n. La obra cont\u00f3 con un presupuesto [&hellip;]<\/p>\n","protected":false},"author":2,"featured_media":8349,"comment_status":"closed","ping_status":"closed","sticky":false,"template":"","format":"standard","meta":{"_et_pb_use_builder":"","_et_pb_old_content":"","footnotes":""},"categories":[1],"tags":[],"class_list":["post-8348","post","type-post","status-publish","format-standard","has-post-thumbnail","hentry","category-sin-categoria"],"_links":{"self":[{"href":"https:\/\/diarioelfederaense.com.ar\/index.php?rest_route=\/wp\/v2\/posts\/8348"}],"collection":[{"href":"https:\/\/diarioelfederaense.com.ar\/index.php?rest_route=\/wp\/v2\/posts"}],"about":[{"href":"https:\/\/diarioelfederaense.com.ar\/index.php?rest_route=\/wp\/v2\/types\/post"}],"author":[{"embeddable":true,"href":"https:\/\/diarioelfederaense.com.ar\/index.php?rest_route=\/wp\/v2\/users\/2"}],"replies":[{"embeddable":true,"href":"https:\/\/diarioelfederaense.com.ar\/index.php?rest_route=%2Fwp%2Fv2%2Fcomments&post=8348"}],"version-history":[{"count":1,"href":"https:\/\/diarioelfederaense.com.ar\/index.php?rest_route=\/wp\/v2\/posts\/8348\/revisions"}],"predecessor-version":[{"id":8350,"href":"https:\/\/diarioelfederaense.com.ar\/index.php?rest_route=\/wp\/v2\/posts\/8348\/revisions\/8350"}],"wp:featuredmedia":[{"embeddable":true,"href":"https:\/\/diarioelfederaense.com.ar\/index.php?rest_route=\/wp\/v2\/media\/8349"}],"wp:attachment":[{"href":"https:\/\/diarioelfederaense.com.ar\/index.php?rest_route=%2Fwp%2Fv2%2Fmedia&parent=8348"}],"wp:term":[{"taxonomy":"category","embeddable":true,"href":"https:\/\/diarioelfederaense.com.ar\/index.php?rest_route=%2Fwp%2Fv2%2Fcategories&post=8348"},{"taxonomy":"post_tag","embeddable":true,"href":"https:\/\/diarioelfederaense.com.ar\/index.php?rest_route=%2Fwp%2Fv2%2Ftags&post=8348"}],"curies":[{"name":"wp","href":"https:\/\/api.w.org\/{rel}","templated":true}]}}