{"id":8320,"date":"2026-04-23T12:08:24","date_gmt":"2026-04-23T15:08:24","guid":{"rendered":"https:\/\/diarioelfederaense.com.ar\/?p=8320"},"modified":"2026-04-23T12:08:39","modified_gmt":"2026-04-23T15:08:39","slug":"milei-se-qudo-sin-nafta-cierra-la-sala-de-prensa-de-la-casa-rosada-y-prohibe-el-ingreso-de-unos-60-periodistas-acreditados","status":"publish","type":"post","link":"https:\/\/diarioelfederaense.com.ar\/?p=8320","title":{"rendered":"Milei se qued\u00f3 sin nafta&#8230; cierra la sala de prensa de la Casa Rosada y proh\u00edbe el ingreso de unos 60 periodistas acreditados"},"content":{"rendered":"\n<p>Este jueves unos 60 trabajadores de prensa se vieron impedidos de ingresar a Balcarce 50 por una decisi\u00f3n unilateral de Javier Milei. La medida ocurre el mismo d\u00eda en que el mandatario recibe al magnate tecnofascista Peter Thiel, CEO de Palantir.<\/p>\n\n\n\n<p>jueves 23 de abril de 2026 | 10:45hs.<\/p>\n\n\n\n<figure class=\"wp-block-image\"><img decoding=\"async\" src=\"https:\/\/apfdigital-s3.cdn.net.ar\/s3i233\/2026\/04\/apfdigital\/images\/02\/56\/55\/2565533_718e5e4317c5f770b0282df1648592325fa825dc572c2b4f84a86d4109a84691\/md.webp\" alt=\"\"\/><\/figure>\n\n\n\n<p>El argumento oficial que brind\u00f3 la secretar\u00eda de Comunicaci\u00f3n -que depende de Javier Lanari, parte del equipo de Manuel Adorni-, es que hubo supuesto \u201cespionaje ilegal\u201d por parte de un programa del canal TN que film\u00f3 d\u00edas atr\u00e1s los pasillos de Balcarce 50 con uno anteojos de \u00faltima generaci\u00f3n con c\u00e1mara. Este mi\u00e9rcoles se conoci\u00f3 que Casa Militar, el organismo de quien depende la seguridad presidencial, denunci\u00f3 penalmente a dos periodistas de TN.<\/p>\n\n\n\n<p>La medida implic\u00f3 el quite de huellas dactilares de los periodistas acreditados &nbsp;y la ca\u00edda de una pr\u00f3rroga que estaba vigente sobre las acreditaciones del a\u00f1o pasado, que vencieron en diciembre. \u201cHasta que no se esclarezca el tema de los videos, no se va a permitir el ingreso a ning\u00fan periodista\u201d, completaron en el equipo de Lanari. No hubo comunicado oficial, public\u00f3 Diario.Ar.<\/p>\n\n\n\n<p>La medida de restricci\u00f3n a la prensa es una continuaci\u00f3n del quite de acreditaciones de hace tres semanas a un grupo de periodistas. En su momento el Gobierno impidi\u00f3 el ingreso a los trabajadores de medios que publicaron algunas de las noticias producidas por una supuesta red rusa que buscaba desacreditar a Milei. Tambi\u00e9n hubo una acci\u00f3n similar en el Congreso.<\/p>\n\n\n\n<p>La medida adem\u00e1s est\u00e1 alineada a los cuestionamientos e insultos de Milei contra los medios y trabajadores de prensa. En sus redes sociales instal\u00f3 el latiguillo \u201cNo odiamos lo suficiente a los periodistas\u201d. A su vez, organizaciones internacionales como Anmist\u00eda denunci\u00f3 el feroz ataque del Gobierno a la libertad de prensa a partir de la represi\u00f3n sistem\u00e1tica contra la prensa en cada una de las manifestaciones donde se activa el protocolo antipiquetes.<\/p>\n","protected":false},"excerpt":{"rendered":"<p>Este jueves unos 60 trabajadores de prensa se vieron impedidos de ingresar a Balcarce 50 por una decisi\u00f3n unilateral de Javier Milei. La medida ocurre el mismo d\u00eda en que el mandatario recibe al magnate tecnofascista Peter Thiel, CEO de Palantir. jueves 23 de abril de 2026 | 10:45hs. El argumento oficial que brind\u00f3 la [&hellip;]<\/p>\n","protected":false},"author":2,"featured_media":8321,"comment_status":"closed","ping_status":"closed","sticky":false,"template":"","format":"standard","meta":{"_et_pb_use_builder":"","_et_pb_old_content":"","footnotes":""},"categories":[1],"tags":[],"class_list":["post-8320","post","type-post","status-publish","format-standard","has-post-thumbnail","hentry","category-sin-categoria"],"_links":{"self":[{"href":"https:\/\/diarioelfederaense.com.ar\/index.php?rest_route=\/wp\/v2\/posts\/8320"}],"collection":[{"href":"https:\/\/diarioelfederaense.com.ar\/index.php?rest_route=\/wp\/v2\/posts"}],"about":[{"href":"https:\/\/diarioelfederaense.com.ar\/index.php?rest_route=\/wp\/v2\/types\/post"}],"author":[{"embeddable":true,"href":"https:\/\/diarioelfederaense.com.ar\/index.php?rest_route=\/wp\/v2\/users\/2"}],"replies":[{"embeddable":true,"href":"https:\/\/diarioelfederaense.com.ar\/index.php?rest_route=%2Fwp%2Fv2%2Fcomments&post=8320"}],"version-history":[{"count":2,"href":"https:\/\/diarioelfederaense.com.ar\/index.php?rest_route=\/wp\/v2\/posts\/8320\/revisions"}],"predecessor-version":[{"id":8323,"href":"https:\/\/diarioelfederaense.com.ar\/index.php?rest_route=\/wp\/v2\/posts\/8320\/revisions\/8323"}],"wp:featuredmedia":[{"embeddable":true,"href":"https:\/\/diarioelfederaense.com.ar\/index.php?rest_route=\/wp\/v2\/media\/8321"}],"wp:attachment":[{"href":"https:\/\/diarioelfederaense.com.ar\/index.php?rest_route=%2Fwp%2Fv2%2Fmedia&parent=8320"}],"wp:term":[{"taxonomy":"category","embeddable":true,"href":"https:\/\/diarioelfederaense.com.ar\/index.php?rest_route=%2Fwp%2Fv2%2Fcategories&post=8320"},{"taxonomy":"post_tag","embeddable":true,"href":"https:\/\/diarioelfederaense.com.ar\/index.php?rest_route=%2Fwp%2Fv2%2Ftags&post=8320"}],"curies":[{"name":"wp","href":"https:\/\/api.w.org\/{rel}","templated":true}]}}