{"id":6697,"date":"2026-01-19T22:16:40","date_gmt":"2026-01-20T01:16:40","guid":{"rendered":"https:\/\/diarioelfederaense.com.ar\/?p=6697"},"modified":"2026-01-19T22:16:41","modified_gmt":"2026-01-20T01:16:41","slug":"el-parque-interlagos-de-marpia-grande-abrio-la-temporada-con-propuestas-para-toda-la-familia","status":"publish","type":"post","link":"https:\/\/diarioelfederaense.com.ar\/?p=6697","title":{"rendered":"El Parque Interlagos de Marpia Grande abri\u00f3 la temporada con propuestas para toda la familia"},"content":{"rendered":"\n<p><a><\/a>La propuesta recreativa est\u00e1 ubicada en Mar\u00eda Grande inici\u00f3 2026 con una amplia oferta de actividades, servicios y nuevas atracciones que combinan naturaleza, aventura y descanso<\/p>\n\n\n\n<p>El verano comenz\u00f3 con intensidad en el Parque Interlagos, ubicado a 60 kil\u00f3metros de Paran\u00e1, en Mar\u00eda Grande, que combina naturaleza, piletas, deportes, gastronom\u00eda y aventura. La temporada 2026 la abrieron con una afluencia importante de p\u00fablico y con nuevas atracciones que ampl\u00edan la experiencia para visitantes de todas las edades.<\/p>\n\n\n\n<p>En di\u00e1logo con Elonce, Brian Aranda, responsable de marketing del parque, se\u00f1al\u00f3 que el \u00faltimo fin de semana marc\u00f3 el inicio del movimiento fuerte: \u201cFue un d\u00eda ideal, acompa\u00f1\u00f3 la temperatura y fue el comienzo real de la temporada\u201d, expres\u00f3.<\/p>\n\n\n\n<p>El Parque Interlagos tiene una tirolesa que atraviesa todo el complejo. Foto: Archivo.<\/p>\n\n\n\n<p>El Parque Interlagos tiene una tirolesa que atraviesa todo el complejo. Foto: Archivo.<\/p>\n\n\n\n<p>El coraz\u00f3n del complejo contin\u00faa siendo el parque acu\u00e1tico, con 16 toboganes en distintos niveles, piletas pasivas con 48 hidromasajes y un acuario a cielo abierto con flamencos, cisnes, carpinchos y peces.<\/p>\n\n\n\n<p>Oferta ampliada y nuevos atractivos<\/p>\n\n\n\n<p>Adem\u00e1s del sector acu\u00e1tico, el complejo sum\u00f3 un parque a\u00e9reo con cinco niveles, 63 juegos y tirolesa de m\u00e1s de 300 metros que atraviesa sectores del predio. Para los m\u00e1s peque\u00f1os incorporaron un mini parque con juegos adaptados y un \u00e1rea tem\u00e1tica que se complementa con la granja educativa y el museo de maquinaria agr\u00edcola, donde se exhiben piezas hist\u00f3ricas vinculadas a la regi\u00f3n.<\/p>\n\n\n\n<p>Aranda destac\u00f3 que \u201cel principal p\u00fablico viene de Santa Fe y Rosario, entre el 65 y 70 por ciento\u201d, aunque reconoci\u00f3 que todav\u00eda hay entrerrianos que no conocen el parque pese a la cercan\u00eda. En ese sentido, remarc\u00f3 que el transporte p\u00fablico facilita la llegada desde la terminal de Paran\u00e1 y que la repavimentaci\u00f3n reciente de la ruta 10 mejora el acceso.<\/p>\n\n\n\n<p>Servicios, horarios y empleo<\/p>\n\n\n\n<p>El Parque Interlagos todos los d\u00edas abre a las 8, con piletas habilitadas desde las 10 hasta las 20. El valor de la entrada general es de 22.000 pesos, mientras que la tarifa para menores de 4 a 7 a\u00f1os y jubilados es de 20.000 pesos. El complejo cuenta con servicio gastron\u00f3mico en restaurante, parrillas con alquiler y reposeras, adem\u00e1s de recorridos en kayak, hidropedales y cabalgatas.<\/p>\n\n\n\n<p>El complejo sum&amp;oacute; un parque a&amp;eacute;reo con cinco niveles. Foto: Archivo.<\/p>\n\n\n\n<p>El complejo sum\u00f3 un parque a\u00e9reo con cinco niveles. Foto: Archivo.<\/p>\n\n\n\n<p>Durante la temporada alta trabajan entre 70 y 100 personas, convirti\u00e9ndose en una fuente de empleo regional. El predio se despliega en m\u00e1s de 40 hect\u00e1reas, de las cuales 10 est\u00e1n dedicadas al parque acu\u00e1tico.<\/p>\n\n\n\n<p>Con la temporada reci\u00e9n iniciada y una grilla de actividades que seguir\u00e1 sumando propuestas, desde el complejo conf\u00edan en que el verano atraer\u00e1 m\u00e1s p\u00fablico entrerriano y consolidar\u00e1 al destino como uno de los polos tur\u00edsticos de la regi\u00f3n.<\/p>\n","protected":false},"excerpt":{"rendered":"<p>La propuesta recreativa est\u00e1 ubicada en Mar\u00eda Grande inici\u00f3 2026 con una amplia oferta de actividades, servicios y nuevas atracciones que combinan naturaleza, aventura y descanso El verano comenz\u00f3 con intensidad en el Parque Interlagos, ubicado a 60 kil\u00f3metros de Paran\u00e1, en Mar\u00eda Grande, que combina naturaleza, piletas, deportes, gastronom\u00eda y aventura. La temporada 2026 [&hellip;]<\/p>\n","protected":false},"author":2,"featured_media":6698,"comment_status":"closed","ping_status":"closed","sticky":false,"template":"","format":"standard","meta":{"_et_pb_use_builder":"","_et_pb_old_content":"","footnotes":""},"categories":[1],"tags":[],"class_list":["post-6697","post","type-post","status-publish","format-standard","has-post-thumbnail","hentry","category-sin-categoria"],"_links":{"self":[{"href":"https:\/\/diarioelfederaense.com.ar\/index.php?rest_route=\/wp\/v2\/posts\/6697"}],"collection":[{"href":"https:\/\/diarioelfederaense.com.ar\/index.php?rest_route=\/wp\/v2\/posts"}],"about":[{"href":"https:\/\/diarioelfederaense.com.ar\/index.php?rest_route=\/wp\/v2\/types\/post"}],"author":[{"embeddable":true,"href":"https:\/\/diarioelfederaense.com.ar\/index.php?rest_route=\/wp\/v2\/users\/2"}],"replies":[{"embeddable":true,"href":"https:\/\/diarioelfederaense.com.ar\/index.php?rest_route=%2Fwp%2Fv2%2Fcomments&post=6697"}],"version-history":[{"count":1,"href":"https:\/\/diarioelfederaense.com.ar\/index.php?rest_route=\/wp\/v2\/posts\/6697\/revisions"}],"predecessor-version":[{"id":6699,"href":"https:\/\/diarioelfederaense.com.ar\/index.php?rest_route=\/wp\/v2\/posts\/6697\/revisions\/6699"}],"wp:featuredmedia":[{"embeddable":true,"href":"https:\/\/diarioelfederaense.com.ar\/index.php?rest_route=\/wp\/v2\/media\/6698"}],"wp:attachment":[{"href":"https:\/\/diarioelfederaense.com.ar\/index.php?rest_route=%2Fwp%2Fv2%2Fmedia&parent=6697"}],"wp:term":[{"taxonomy":"category","embeddable":true,"href":"https:\/\/diarioelfederaense.com.ar\/index.php?rest_route=%2Fwp%2Fv2%2Fcategories&post=6697"},{"taxonomy":"post_tag","embeddable":true,"href":"https:\/\/diarioelfederaense.com.ar\/index.php?rest_route=%2Fwp%2Fv2%2Ftags&post=6697"}],"curies":[{"name":"wp","href":"https:\/\/api.w.org\/{rel}","templated":true}]}}