{"id":6694,"date":"2026-01-19T22:07:31","date_gmt":"2026-01-20T01:07:31","guid":{"rendered":"https:\/\/diarioelfederaense.com.ar\/?p=6694"},"modified":"2026-01-19T22:07:32","modified_gmt":"2026-01-20T01:07:32","slug":"lanzamiento-del-carnaval-2026","status":"publish","type":"post","link":"https:\/\/diarioelfederaense.com.ar\/?p=6694","title":{"rendered":"LANZAMIENTO DEL CARNAVAL 2026"},"content":{"rendered":"\n<p><a><\/a>Este lunes por la tarde se llev\u00f3 a cabo, en el Sal\u00f3n de la Democracia, el lanzamiento oficial del Carnaval federaense 2026.<\/p>\n\n\n\n<p>La presentaci\u00f3n estuvo a cargo del Presidente Municipal Ricardo Bravo, acompa\u00f1ado por la Directora de Cultura Claudia Quir\u00f3s, y representantes de las tres comparsas: Ignacio Bravo (YAS\u00cd POR\u00c1), Fernanda Rastelli (MOCIDADES), y Lucas Burna (SAMBA VER\u00c1).<\/p>\n\n\n\n<p>Tal como lo manifestaron los protagonistas, en esta oportunidad el Carnaval federaense ser\u00e1 organizado de forma conjunta entre la Municipalidad y las tres comparsas.<\/p>\n\n\n\n<p><img loading=\"lazy\" decoding=\"async\" height=\"16\" width=\"16\" alt=\"\ud83d\uddd3\ufe0f\" src=\"https:\/\/static.xx.fbcdn.net\/images\/emoji.php\/v9\/t5c\/1\/16\/1f5d3.png\"> 31 de enero; 7, 14, 16, y 21 de febrero.<\/p>\n\n\n\n<p><img loading=\"lazy\" decoding=\"async\" height=\"16\" width=\"16\" alt=\"\ud83d\udccc\" src=\"https:\/\/static.xx.fbcdn.net\/images\/emoji.php\/v9\/tac\/1\/16\/1f4cc.png\"> Desfilodromo Luis Silvestri.<\/p>\n","protected":false},"excerpt":{"rendered":"<p>Este lunes por la tarde se llev\u00f3 a cabo, en el Sal\u00f3n de la Democracia, el lanzamiento oficial del Carnaval federaense 2026. La presentaci\u00f3n estuvo a cargo del Presidente Municipal Ricardo Bravo, acompa\u00f1ado por la Directora de Cultura Claudia Quir\u00f3s, y representantes de las tres comparsas: Ignacio Bravo (YAS\u00cd POR\u00c1), Fernanda Rastelli (MOCIDADES), y Lucas [&hellip;]<\/p>\n","protected":false},"author":2,"featured_media":6695,"comment_status":"closed","ping_status":"closed","sticky":false,"template":"","format":"standard","meta":{"_et_pb_use_builder":"","_et_pb_old_content":"","footnotes":""},"categories":[1],"tags":[],"class_list":["post-6694","post","type-post","status-publish","format-standard","has-post-thumbnail","hentry","category-sin-categoria"],"_links":{"self":[{"href":"https:\/\/diarioelfederaense.com.ar\/index.php?rest_route=\/wp\/v2\/posts\/6694"}],"collection":[{"href":"https:\/\/diarioelfederaense.com.ar\/index.php?rest_route=\/wp\/v2\/posts"}],"about":[{"href":"https:\/\/diarioelfederaense.com.ar\/index.php?rest_route=\/wp\/v2\/types\/post"}],"author":[{"embeddable":true,"href":"https:\/\/diarioelfederaense.com.ar\/index.php?rest_route=\/wp\/v2\/users\/2"}],"replies":[{"embeddable":true,"href":"https:\/\/diarioelfederaense.com.ar\/index.php?rest_route=%2Fwp%2Fv2%2Fcomments&post=6694"}],"version-history":[{"count":1,"href":"https:\/\/diarioelfederaense.com.ar\/index.php?rest_route=\/wp\/v2\/posts\/6694\/revisions"}],"predecessor-version":[{"id":6696,"href":"https:\/\/diarioelfederaense.com.ar\/index.php?rest_route=\/wp\/v2\/posts\/6694\/revisions\/6696"}],"wp:featuredmedia":[{"embeddable":true,"href":"https:\/\/diarioelfederaense.com.ar\/index.php?rest_route=\/wp\/v2\/media\/6695"}],"wp:attachment":[{"href":"https:\/\/diarioelfederaense.com.ar\/index.php?rest_route=%2Fwp%2Fv2%2Fmedia&parent=6694"}],"wp:term":[{"taxonomy":"category","embeddable":true,"href":"https:\/\/diarioelfederaense.com.ar\/index.php?rest_route=%2Fwp%2Fv2%2Fcategories&post=6694"},{"taxonomy":"post_tag","embeddable":true,"href":"https:\/\/diarioelfederaense.com.ar\/index.php?rest_route=%2Fwp%2Fv2%2Ftags&post=6694"}],"curies":[{"name":"wp","href":"https:\/\/api.w.org\/{rel}","templated":true}]}}