{"id":6685,"date":"2026-01-19T10:49:36","date_gmt":"2026-01-19T13:49:36","guid":{"rendered":"https:\/\/diarioelfederaense.com.ar\/?p=6685"},"modified":"2026-01-19T10:49:36","modified_gmt":"2026-01-19T13:49:36","slug":"la-fiesta-nacional-de-la-sandia-desafio-al-viento-y-al-frio-cerrando-con-un-predio-colmado-por-la-convocatoria-de-lucas-sugo","status":"publish","type":"post","link":"https:\/\/diarioelfederaense.com.ar\/?p=6685","title":{"rendered":"La Fiesta Nacional de la Sand\u00eda desafi\u00f3 al viento y al fr\u00edo, cerrando con un predio colmado por la convocatoria de Lucas Sugo"},"content":{"rendered":"\n<p>Sin dudas, la 11\u00b0 edici\u00f3n de la Fiesta Nacional de la Sand\u00eda super\u00f3 ampliamente cualquier expectativa. El viernes, sin precedentes en los \u00faltimos a\u00f1os, el p\u00fablico se volc\u00f3 para la primera jornada. El s\u00e1bado, con lluvia de por medio y un imp\u00e1s, el predio del Club Social y Deportivo de Santa Ana estuvo a pleno, con el cierre de Los Nocheros.<\/p>\n\n\n\n<p>Este domingo, miles de personas asistieron a la \u00faltima jornada. La convocatoria tuvo tal alcance que la organizaci\u00f3n debi\u00f3 prohibir el ingreso con sillones, en determinado momento de la noche y, luego, por recomendaci\u00f3n policial, suspender el ingreso del p\u00fablico, porque la capacidad ya se hab\u00eda colmado.<\/p>\n\n\n\n<p>Esta noche tuvo otro condimento: el viento y el fr\u00edo se hicieron sentir. No obstante, lejos de ser un limitante, masivamente se volc\u00f3 el p\u00fablico a la fiesta y quienes ya hab\u00edan logrado conseguir un lugar, no dudaron en esperar hasta la 1: 20 aproximadamente para la presentaci\u00f3n del uruguayo Lucas Sugo.<\/p>\n\n\n\n<p>Tras hora y media de show y con un carism\u00e1tico Sugo que intercambi\u00f3 constantemente con los presentes, comenz\u00f3 la desconcentraci\u00f3n que tuvo como escenario miles de veh\u00edculos regresando a sus destinos, transitando en fila por la ruta provincial N\u00b0 2.<\/p>\n\n\n\n<p>Los m\u00e1s de 70 emprendedores y expositores apostados en el predio, tuvieron un importante movimiento durante las tres noches.<\/p>\n\n\n\n<p>Los productores de la sand\u00eda tambi\u00e9n tuvieron su reconocimiento, participando del concurso con sus variedades. Victor y Axel Pezzelato de colonia La Argentina, ganaron con el fruto de la variedad Jubil\u00e9 que pes\u00f3 29.600 gramos. (Fotos de los ganadores de Lucrecia Croattini)<\/p>\n\n\n\n<p>La fiesta cont\u00f3 con la conducci\u00f3n de Carlos Rossi y Paula P\u00e9rez, presentando a los artistas en el escenario Juan Mart\u00edn Drewanz.<\/p>\n\n\n\n<p>El intendente<\/p>\n\n\n\n<p>Con la 11\u00b0 edici\u00f3n nacional, 25 a\u00f1os de caracter regional y 3 provinciales, este domingo la organizaci\u00f3n cerr\u00f3 exitosamente el evento que camina hacia los 40 a\u00f1os de vigencia. En di\u00e1logo con RADIO CHAJARI, el intendente Rogelio Zanandrea evalu\u00f3: \u201cHemos vivido tres jornadas excelentes, pero la de ayer super\u00f3 todas las expectativas. Sab\u00edamos que el n\u00famero era atractivo y la entrada accesible, pero tener que cortar, por seguridad, la boleter\u00eda porque no hab\u00eda m\u00e1s lugar, no hay antecedentes\u201d, enfatiz\u00f3.<\/p>\n\n\n\n<p>Tambi\u00e9n reconoci\u00f3 que estos resultados forman parte del premio \u201cal esfuerzo de tanta gente. Cada uno hace su aporte\u201d.<\/p>\n\n\n\n<p>Destac\u00f3 el nivel y la cantidad de productores de sand\u00eda que se sumaron a la fiesta. \u201cSabemos que nuestra zona es, en un 80 por ciento o m\u00e1s, citr\u00edcola. El atractivo de la fiesta es que se animen los productores y les guste participar\u201d, agreg\u00f3.<\/p>\n\n\n\n<p>De la misma manera record\u00f3 a todos los que de alguna u otra manera impulsaron la iniciativa casi cuatro d\u00e9cadas atr\u00e1s, logrando una propuesta anual que hoy ya es una marca registrada para la localidad.<\/p>\n\n\n\n<p>chajarialdia<\/p>\n","protected":false},"excerpt":{"rendered":"<p>Sin dudas, la 11\u00b0 edici\u00f3n de la Fiesta Nacional de la Sand\u00eda super\u00f3 ampliamente cualquier expectativa. El viernes, sin precedentes en los \u00faltimos a\u00f1os, el p\u00fablico se volc\u00f3 para la primera jornada. El s\u00e1bado, con lluvia de por medio y un imp\u00e1s, el predio del Club Social y Deportivo de Santa Ana estuvo a pleno, [&hellip;]<\/p>\n","protected":false},"author":2,"featured_media":6686,"comment_status":"closed","ping_status":"closed","sticky":false,"template":"","format":"standard","meta":{"_et_pb_use_builder":"","_et_pb_old_content":"","footnotes":""},"categories":[1],"tags":[],"class_list":["post-6685","post","type-post","status-publish","format-standard","has-post-thumbnail","hentry","category-sin-categoria"],"_links":{"self":[{"href":"https:\/\/diarioelfederaense.com.ar\/index.php?rest_route=\/wp\/v2\/posts\/6685"}],"collection":[{"href":"https:\/\/diarioelfederaense.com.ar\/index.php?rest_route=\/wp\/v2\/posts"}],"about":[{"href":"https:\/\/diarioelfederaense.com.ar\/index.php?rest_route=\/wp\/v2\/types\/post"}],"author":[{"embeddable":true,"href":"https:\/\/diarioelfederaense.com.ar\/index.php?rest_route=\/wp\/v2\/users\/2"}],"replies":[{"embeddable":true,"href":"https:\/\/diarioelfederaense.com.ar\/index.php?rest_route=%2Fwp%2Fv2%2Fcomments&post=6685"}],"version-history":[{"count":1,"href":"https:\/\/diarioelfederaense.com.ar\/index.php?rest_route=\/wp\/v2\/posts\/6685\/revisions"}],"predecessor-version":[{"id":6687,"href":"https:\/\/diarioelfederaense.com.ar\/index.php?rest_route=\/wp\/v2\/posts\/6685\/revisions\/6687"}],"wp:featuredmedia":[{"embeddable":true,"href":"https:\/\/diarioelfederaense.com.ar\/index.php?rest_route=\/wp\/v2\/media\/6686"}],"wp:attachment":[{"href":"https:\/\/diarioelfederaense.com.ar\/index.php?rest_route=%2Fwp%2Fv2%2Fmedia&parent=6685"}],"wp:term":[{"taxonomy":"category","embeddable":true,"href":"https:\/\/diarioelfederaense.com.ar\/index.php?rest_route=%2Fwp%2Fv2%2Fcategories&post=6685"},{"taxonomy":"post_tag","embeddable":true,"href":"https:\/\/diarioelfederaense.com.ar\/index.php?rest_route=%2Fwp%2Fv2%2Ftags&post=6685"}],"curies":[{"name":"wp","href":"https:\/\/api.w.org\/{rel}","templated":true}]}}