{"id":6682,"date":"2026-01-18T14:04:31","date_gmt":"2026-01-18T17:04:31","guid":{"rendered":"https:\/\/diarioelfederaense.com.ar\/?p=6682"},"modified":"2026-01-18T14:04:34","modified_gmt":"2026-01-18T17:04:34","slug":"incendios-en-chile-16-muertos-mas-de-50-000-evacuados-y-declararon-el-estado-de-desastre","status":"publish","type":"post","link":"https:\/\/diarioelfederaense.com.ar\/?p=6682","title":{"rendered":"Incendios en Chile: 16 muertos, m\u00e1s de 50.000 evacuados y declararon el estado de desastre"},"content":{"rendered":"\n<p><a><\/a>En \u00d1uble y Biob\u00edo permanecen activos m\u00e1s de una decena de focos, mientras bomberos y brigadistas trabajan para impedir el avance del fuego hacia \u00e1reas densamente pobladas.<\/p>\n\n\n\n<p>Los incendios en Chile registran este domingo una situaci\u00f3n cr\u00edtica en las regiones de \u00d1uble y Biob\u00edo, con al menos 16 fallecidos y m\u00e1s de 50.000 evacuados, seg\u00fan inform\u00f3 el gobierno. La emergencia se desarrolla en pleno verano austral, con altas temperaturas y vientos que complejizan el combate a los focos activos.<\/p>\n\n\n\n<p>El presidente Gabriel Boric decret\u00f3 el estado de desastre para las \u00e1reas afectadas y confirm\u00f3 que viajar\u00e1 a las zonas comprometidas. La medida habilita la intervenci\u00f3n de las Fuerzas Armadas para colaborar con la coordinaci\u00f3n y el control territorial durante la emergencia. El mandatario sostuvo que el Ejecutivo dispone \u201ctodos los recursos necesarios\u201d para enfrentar la situaci\u00f3n.<\/p>\n\n\n\n<p>Autoridades advierten un escenario complejo<\/p>\n\n\n\n<p>Durante la ma\u00f1ana, el ministro de Seguridad P\u00fablica chileno, Luis Cordero, confirm\u00f3 el n\u00famero de fallecidos y detall\u00f3 que la mayor\u00eda de las v\u00edctimas se registraron en Biob\u00edo. En paralelo, el ministro del Interior, \u00c1lvaro Elizalde, describi\u00f3 la situaci\u00f3n como \u201ccompleja\u201d e inform\u00f3 que la proyecci\u00f3n meteorol\u00f3gica anticipa temperaturas extremas que podr\u00edan intensificar la propagaci\u00f3n del fuego.<\/p>\n\n\n\n<p>La directora del Servicio Nacional de Prevenci\u00f3n y Respuesta ante Desastres (Senapred), Alicia Cebri\u00e1n, se\u00f1al\u00f3 que el calor extremo representa un riesgo adicional para la salud y favorece el avance de los incendios. Las autoridades solicitaron a la poblaci\u00f3n evitar desplazamientos hacia las zonas afectadas para no obstaculizar el trabajo de los equipos en terreno.<\/p>\n\n\n\n<p>Focos activos, evacuaciones y posibles nuevas medidas<\/p>\n\n\n\n<p>En \u00d1uble y Biob\u00edo permanecen activos m\u00e1s de una decena de focos, mientras bomberos y brigadistas trabajan para impedir el avance del fuego hacia \u00e1reas densamente pobladas.<\/p>\n\n\n\n<p>Desde el gobierno confirmaron la emisi\u00f3n de 87 mensajes del Sistema de Alerta de Emergencia, lo que deriv\u00f3 en la evacuaci\u00f3n de m\u00e1s de 50.000 personas. Se mantienen habilitados albergues en ambas regiones para asistir a quienes no pueden regresar a sus hogares.<\/p>\n\n\n\n<p>El Ejecutivo eval\u00faa la implementaci\u00f3n de un toque de queda nocturno para reducir la circulaci\u00f3n en sectores afectados, medida orientada a facilitar las labores de emergencia y prevenir nuevos focos.<\/p>\n","protected":false},"excerpt":{"rendered":"<p>En \u00d1uble y Biob\u00edo permanecen activos m\u00e1s de una decena de focos, mientras bomberos y brigadistas trabajan para impedir el avance del fuego hacia \u00e1reas densamente pobladas. Los incendios en Chile registran este domingo una situaci\u00f3n cr\u00edtica en las regiones de \u00d1uble y Biob\u00edo, con al menos 16 fallecidos y m\u00e1s de 50.000 evacuados, seg\u00fan [&hellip;]<\/p>\n","protected":false},"author":2,"featured_media":6683,"comment_status":"closed","ping_status":"closed","sticky":false,"template":"","format":"standard","meta":{"_et_pb_use_builder":"","_et_pb_old_content":"","footnotes":""},"categories":[1],"tags":[],"class_list":["post-6682","post","type-post","status-publish","format-standard","has-post-thumbnail","hentry","category-sin-categoria"],"_links":{"self":[{"href":"https:\/\/diarioelfederaense.com.ar\/index.php?rest_route=\/wp\/v2\/posts\/6682"}],"collection":[{"href":"https:\/\/diarioelfederaense.com.ar\/index.php?rest_route=\/wp\/v2\/posts"}],"about":[{"href":"https:\/\/diarioelfederaense.com.ar\/index.php?rest_route=\/wp\/v2\/types\/post"}],"author":[{"embeddable":true,"href":"https:\/\/diarioelfederaense.com.ar\/index.php?rest_route=\/wp\/v2\/users\/2"}],"replies":[{"embeddable":true,"href":"https:\/\/diarioelfederaense.com.ar\/index.php?rest_route=%2Fwp%2Fv2%2Fcomments&post=6682"}],"version-history":[{"count":1,"href":"https:\/\/diarioelfederaense.com.ar\/index.php?rest_route=\/wp\/v2\/posts\/6682\/revisions"}],"predecessor-version":[{"id":6684,"href":"https:\/\/diarioelfederaense.com.ar\/index.php?rest_route=\/wp\/v2\/posts\/6682\/revisions\/6684"}],"wp:featuredmedia":[{"embeddable":true,"href":"https:\/\/diarioelfederaense.com.ar\/index.php?rest_route=\/wp\/v2\/media\/6683"}],"wp:attachment":[{"href":"https:\/\/diarioelfederaense.com.ar\/index.php?rest_route=%2Fwp%2Fv2%2Fmedia&parent=6682"}],"wp:term":[{"taxonomy":"category","embeddable":true,"href":"https:\/\/diarioelfederaense.com.ar\/index.php?rest_route=%2Fwp%2Fv2%2Fcategories&post=6682"},{"taxonomy":"post_tag","embeddable":true,"href":"https:\/\/diarioelfederaense.com.ar\/index.php?rest_route=%2Fwp%2Fv2%2Ftags&post=6682"}],"curies":[{"name":"wp","href":"https:\/\/api.w.org\/{rel}","templated":true}]}}