{"id":6679,"date":"2026-01-17T17:32:20","date_gmt":"2026-01-17T20:32:20","guid":{"rendered":"https:\/\/diarioelfederaense.com.ar\/?p=6679"},"modified":"2026-01-17T17:32:21","modified_gmt":"2026-01-17T20:32:21","slug":"carnavales-en-federacion-avanzan-en-un-nuevo-esquema-organizativo-con-las-comparsas-como-protagonistas","status":"publish","type":"post","link":"https:\/\/diarioelfederaense.com.ar\/?p=6679","title":{"rendered":"Carnavales en Federaci\u00f3n: avanzan en un nuevo esquema organizativo con las comparsas como protagonistas"},"content":{"rendered":"\n<p><a><\/a>El intendente de Federaci\u00f3n, Ricardo Bravo, opin\u00f3 que el nuevo esquema organizativo del Carnaval local \u00abes un paso importante para fortalecer el Carnaval y reconocer el esfuerzo de las comparsas\u00bb. Remarc\u00f3 que el Municipio continuar\u00e1 siendo parte activa del evento, acompa\u00f1ando en el armado del predio, brindando asistencia en salud, recursos humanos, log\u00edstica general, promoci\u00f3n tur\u00edstica y llevando adelante la fiscalizaci\u00f3n y la competencia del Carnaval, garantizando transparencia y organizaci\u00f3n.<\/p>\n\n\n\n<p>El intendente de la ciudad de Federaci\u00f3n, Ricardo Bravo. destac\u00f3 la decisi\u00f3n de avanzar hacia un nuevo esquema organizativo del Carnaval, donde las comparsas tomar\u00e1n el rol de organizar los Carnavales Federaenses 2026, como un paso fundamental para poner en valor el enorme esfuerzo que, a\u00f1o tras a\u00f1o, realizan las comparsas, verdaderas protagonistas de una de las expresiones culturales m\u00e1s importantes de la ciudad.<\/p>\n\n\n\n<p>\u00abLas comparsas sostienen el Carnaval con trabajo, compromiso y pasi\u00f3n. Reconocer ese esfuerzo y darles el lugar que corresponde es una decisi\u00f3n necesaria\u00bb, se\u00f1al\u00f3 el jefe comunal.<\/p>\n\n\n\n<p>En ese sentido, Bravo remarc\u00f3 que el Municipio continuar\u00e1 siendo parte activa del evento, acompa\u00f1ando en el armado del predio, brindando asistencia en salud, recursos humanos, log\u00edstica general, promoci\u00f3n tur\u00edstica y llevando adelante la fiscalizaci\u00f3n y la competencia del Carnaval, garantizando transparencia y organizaci\u00f3n.<\/p>\n\n\n\n<p>Al mismo tiempo, el intendente subray\u00f3 que este nuevo camino reconoce el protagonismo de las comparsas en la organizaci\u00f3n integral del evento, un rol que asumen con responsabilidad y que merece ser destacado.<\/p>\n\n\n\n<p>Por otra parte, Ricardo Bravo enfatiz\u00f3 la importancia del Carnaval como motor tur\u00edstico de la ciudad. \u00abEl Carnaval garantiza agenda y movimiento en meses clave, junto a las termas, el lago y nuestros atractivos naturales. Por eso es imprescindible que el sector tur\u00edstico acompa\u00f1e estas instancias\u00bb, afirm\u00f3.<\/p>\n\n\n\n<p>\u00abCuando hablamos de sector tur\u00edstico hablamos de hoteles, gastronom\u00eda, empresarios y prestadores de servicios. El Carnaval es identidad, es cultura, es trabajo y es turismo. Fortalecerlo es una responsabilidad compartida\u00bb, concluy\u00f3 el intendente. (APFDigital)<\/p>\n","protected":false},"excerpt":{"rendered":"<p>El intendente de Federaci\u00f3n, Ricardo Bravo, opin\u00f3 que el nuevo esquema organizativo del Carnaval local \u00abes un paso importante para fortalecer el Carnaval y reconocer el esfuerzo de las comparsas\u00bb. Remarc\u00f3 que el Municipio continuar\u00e1 siendo parte activa del evento, acompa\u00f1ando en el armado del predio, brindando asistencia en salud, recursos humanos, log\u00edstica general, promoci\u00f3n [&hellip;]<\/p>\n","protected":false},"author":2,"featured_media":6680,"comment_status":"closed","ping_status":"closed","sticky":false,"template":"","format":"standard","meta":{"_et_pb_use_builder":"","_et_pb_old_content":"","footnotes":""},"categories":[1],"tags":[],"class_list":["post-6679","post","type-post","status-publish","format-standard","has-post-thumbnail","hentry","category-sin-categoria"],"_links":{"self":[{"href":"https:\/\/diarioelfederaense.com.ar\/index.php?rest_route=\/wp\/v2\/posts\/6679"}],"collection":[{"href":"https:\/\/diarioelfederaense.com.ar\/index.php?rest_route=\/wp\/v2\/posts"}],"about":[{"href":"https:\/\/diarioelfederaense.com.ar\/index.php?rest_route=\/wp\/v2\/types\/post"}],"author":[{"embeddable":true,"href":"https:\/\/diarioelfederaense.com.ar\/index.php?rest_route=\/wp\/v2\/users\/2"}],"replies":[{"embeddable":true,"href":"https:\/\/diarioelfederaense.com.ar\/index.php?rest_route=%2Fwp%2Fv2%2Fcomments&post=6679"}],"version-history":[{"count":1,"href":"https:\/\/diarioelfederaense.com.ar\/index.php?rest_route=\/wp\/v2\/posts\/6679\/revisions"}],"predecessor-version":[{"id":6681,"href":"https:\/\/diarioelfederaense.com.ar\/index.php?rest_route=\/wp\/v2\/posts\/6679\/revisions\/6681"}],"wp:featuredmedia":[{"embeddable":true,"href":"https:\/\/diarioelfederaense.com.ar\/index.php?rest_route=\/wp\/v2\/media\/6680"}],"wp:attachment":[{"href":"https:\/\/diarioelfederaense.com.ar\/index.php?rest_route=%2Fwp%2Fv2%2Fmedia&parent=6679"}],"wp:term":[{"taxonomy":"category","embeddable":true,"href":"https:\/\/diarioelfederaense.com.ar\/index.php?rest_route=%2Fwp%2Fv2%2Fcategories&post=6679"},{"taxonomy":"post_tag","embeddable":true,"href":"https:\/\/diarioelfederaense.com.ar\/index.php?rest_route=%2Fwp%2Fv2%2Ftags&post=6679"}],"curies":[{"name":"wp","href":"https:\/\/api.w.org\/{rel}","templated":true}]}}