{"id":6676,"date":"2026-01-17T12:16:58","date_gmt":"2026-01-17T15:16:58","guid":{"rendered":"https:\/\/diarioelfederaense.com.ar\/?p=6676"},"modified":"2026-01-17T12:16:59","modified_gmt":"2026-01-17T15:16:59","slug":"confirmado-seran-las-comparsas-las-que-organizaran-el-carnaval-2026","status":"publish","type":"post","link":"https:\/\/diarioelfederaense.com.ar\/?p=6676","title":{"rendered":"CONFIRMADO; SER\u00c1N LAS COMPARSAS LAS QUE ORGANIZAR\u00c1N EL CARNAVAL 2026"},"content":{"rendered":"\n<p>En esta ma\u00f1ana el Intendente y los responsables de las comparsas estuvieron en el desfil\u00f3dromo <a><\/a>diagramando los trabajos a realizar. Se confirma el inicio para el s\u00e1bado 31, pero con la novedad de las organizaci\u00f3n totalmente a cargo de las comparsas, incluyendo todo, entradas, cantinas, ventas de lanza espumas y dem\u00e1s.<\/p>\n","protected":false},"excerpt":{"rendered":"<p>En esta ma\u00f1ana el Intendente y los responsables de las comparsas estuvieron en el desfil\u00f3dromo diagramando los trabajos a realizar. Se confirma el inicio para el s\u00e1bado 31, pero con la novedad de las organizaci\u00f3n totalmente a cargo de las comparsas, incluyendo todo, entradas, cantinas, ventas de lanza espumas y dem\u00e1s.<\/p>\n","protected":false},"author":2,"featured_media":6677,"comment_status":"closed","ping_status":"closed","sticky":false,"template":"","format":"standard","meta":{"_et_pb_use_builder":"","_et_pb_old_content":"","footnotes":""},"categories":[1],"tags":[],"class_list":["post-6676","post","type-post","status-publish","format-standard","has-post-thumbnail","hentry","category-sin-categoria"],"_links":{"self":[{"href":"https:\/\/diarioelfederaense.com.ar\/index.php?rest_route=\/wp\/v2\/posts\/6676"}],"collection":[{"href":"https:\/\/diarioelfederaense.com.ar\/index.php?rest_route=\/wp\/v2\/posts"}],"about":[{"href":"https:\/\/diarioelfederaense.com.ar\/index.php?rest_route=\/wp\/v2\/types\/post"}],"author":[{"embeddable":true,"href":"https:\/\/diarioelfederaense.com.ar\/index.php?rest_route=\/wp\/v2\/users\/2"}],"replies":[{"embeddable":true,"href":"https:\/\/diarioelfederaense.com.ar\/index.php?rest_route=%2Fwp%2Fv2%2Fcomments&post=6676"}],"version-history":[{"count":1,"href":"https:\/\/diarioelfederaense.com.ar\/index.php?rest_route=\/wp\/v2\/posts\/6676\/revisions"}],"predecessor-version":[{"id":6678,"href":"https:\/\/diarioelfederaense.com.ar\/index.php?rest_route=\/wp\/v2\/posts\/6676\/revisions\/6678"}],"wp:featuredmedia":[{"embeddable":true,"href":"https:\/\/diarioelfederaense.com.ar\/index.php?rest_route=\/wp\/v2\/media\/6677"}],"wp:attachment":[{"href":"https:\/\/diarioelfederaense.com.ar\/index.php?rest_route=%2Fwp%2Fv2%2Fmedia&parent=6676"}],"wp:term":[{"taxonomy":"category","embeddable":true,"href":"https:\/\/diarioelfederaense.com.ar\/index.php?rest_route=%2Fwp%2Fv2%2Fcategories&post=6676"},{"taxonomy":"post_tag","embeddable":true,"href":"https:\/\/diarioelfederaense.com.ar\/index.php?rest_route=%2Fwp%2Fv2%2Ftags&post=6676"}],"curies":[{"name":"wp","href":"https:\/\/api.w.org\/{rel}","templated":true}]}}