{"id":6665,"date":"2026-01-14T13:16:12","date_gmt":"2026-01-14T16:16:12","guid":{"rendered":"https:\/\/diarioelfederaense.com.ar\/?p=6665"},"modified":"2026-01-14T13:16:13","modified_gmt":"2026-01-14T16:16:13","slug":"cursos-autoasistidos-del-programa-fomentar-empleo","status":"publish","type":"post","link":"https:\/\/diarioelfederaense.com.ar\/?p=6665","title":{"rendered":"CURSOS AUTOASISTIDOS DEL PROGRAMA FOMENTAR EMPLEO"},"content":{"rendered":"\n<p>La <a><\/a>Oficina de Empleo (Direcci\u00f3n de Producci\u00f3n y Ambiente) informa que est\u00e1 abierta la inscripci\u00f3n para los nuevos cursos &#8211; ENERO 2026<\/p>\n\n\n\n<p><img loading=\"lazy\" decoding=\"async\" height=\"16\" width=\"16\" alt=\"\ud83d\uddd3\ufe0f\" src=\"https:\/\/static.xx.fbcdn.net\/images\/emoji.php\/v9\/t5c\/1\/16\/1f5d3.png\"> Fecha l\u00edmite de inscripci\u00f3n: 25 de Enero<\/p>\n\n\n\n<p>1) INGRESA AL PORTAL EMPLEO <a href=\"https:\/\/l.facebook.com\/l.php?u=http%3A%2F%2Fwww.portalempleo.gob.ar%2F%3Ffbclid%3DIwZXh0bgNhZW0CMTAAYnJpZBExUTRDMld1dDZYeWJ5WjlId3NydGMGYXBwX2lkEDIyMjAzOTE3ODgyMDA4OTIAAR5uo4LBbRz8kuTkbUAguiug5uo8HNdZ_2tWjyEm2AnSJU0_O2bcZyKOMjK7rQ_aem_HbrvEkn70hkwx8npq9xn4A&amp;h=AT0SOmA261sQ_CHmdlnKMkN7g7mC5LajB18dT6rF0glQbTLCZewOYmasEx-rhsNhNUqC1Z4-UZK2bO8Cfrlhayv2kLDHc94Ofr6EriqUhxB2p3MP7x94lhE8mvFCc8xkguxJHG0Gq1fch0rL&amp;__tn__=-UK-R&amp;c[0]=AT1mb0tkWeTG88yj3nDVIwXVBaqx1FCg6RaS9x6uCnFTSvhD-HiBn4UTBbL00C5_VZZp94tf1L1LypurOl-LZ4qvqQHoLKpiqrr0Fx8D1-b1tMmF__WxD7A6LlPmvrcBJ3gshyDKFdOlxa5kKT04YbsrQMVYOEa2_g2xersDFEE3kCckYob-phg7hRtBTyOgGbEnK3_3Kw3bucK9NZgUmDVQbQ\" rel=\"noreferrer noopener\" target=\"_blank\">www.portalempleo.gob.ar<\/a><\/p>\n\n\n\n<p>2) REGISTRATE ingresando los datos solicitados (DNI, Nro. de tr\u00e1mite, mail y crea una contrase\u00f1a que recuerdes).<\/p>\n\n\n\n<p>3) CONFIRM\u00c1 tu inscripci\u00f3n en tu cuenta de correo, pasadas unas horas, una vez verifiquen tu informaci\u00f3n te enviar\u00e1n un correo electr\u00f3nico donde te solicitar\u00e1n confirmar tu registro para validarlo.<\/p>\n\n\n\n<p>4) INGRES\u00c1 AL PORTAL EMPLEO y complet\u00e1 tu CV, en la pesta\u00f1a Contacto, autoriz\u00e1 a la Oficina de Empleo para gestionar tus postulaciones.<\/p>\n\n\n\n<p>5) En la secci\u00f3n CAPACITATE encontr\u00e1s los cursos de formaci\u00f3n con aval del Ministerio (Filtra los que corresponden a nuestra Agencia Territorial, Provincia de Entre R\u00edos, MODALIDAD DISTANCIA AUTOASISTIDA).<\/p>\n\n\n\n<p><img loading=\"lazy\" decoding=\"async\" height=\"16\" width=\"16\" alt=\"\ud83d\udcf2\" src=\"https:\/\/static.xx.fbcdn.net\/images\/emoji.php\/v9\/td8\/1\/16\/1f4f2.png\"> Por consultas, pod\u00e9s comunicarte al tel\u00e9fono 3456 463935, o acercarte directamente a la Oficina de Empleo ubicada en Av San Mart\u00edn y Las Hortensias &#8211; 1er Piso &#8211; Centro C\u00edvico.<\/p>\n\n\n\n<p>Direcci\u00f3n de Producci\u00f3n y Ambiente<\/p>\n\n\n\n<p>Oficina Municipal de Empleo<\/p>\n\n\n\n<p>Municipalidad de federaci\u00f3n<\/p>\n","protected":false},"excerpt":{"rendered":"<p>La Oficina de Empleo (Direcci\u00f3n de Producci\u00f3n y Ambiente) informa que est\u00e1 abierta la inscripci\u00f3n para los nuevos cursos &#8211; ENERO 2026 Fecha l\u00edmite de inscripci\u00f3n: 25 de Enero 1) INGRESA AL PORTAL EMPLEO www.portalempleo.gob.ar 2) REGISTRATE ingresando los datos solicitados (DNI, Nro. de tr\u00e1mite, mail y crea una contrase\u00f1a que recuerdes). 3) CONFIRM\u00c1 tu [&hellip;]<\/p>\n","protected":false},"author":2,"featured_media":6666,"comment_status":"closed","ping_status":"closed","sticky":false,"template":"","format":"standard","meta":{"_et_pb_use_builder":"","_et_pb_old_content":"","footnotes":""},"categories":[1],"tags":[],"class_list":["post-6665","post","type-post","status-publish","format-standard","has-post-thumbnail","hentry","category-sin-categoria"],"_links":{"self":[{"href":"https:\/\/diarioelfederaense.com.ar\/index.php?rest_route=\/wp\/v2\/posts\/6665"}],"collection":[{"href":"https:\/\/diarioelfederaense.com.ar\/index.php?rest_route=\/wp\/v2\/posts"}],"about":[{"href":"https:\/\/diarioelfederaense.com.ar\/index.php?rest_route=\/wp\/v2\/types\/post"}],"author":[{"embeddable":true,"href":"https:\/\/diarioelfederaense.com.ar\/index.php?rest_route=\/wp\/v2\/users\/2"}],"replies":[{"embeddable":true,"href":"https:\/\/diarioelfederaense.com.ar\/index.php?rest_route=%2Fwp%2Fv2%2Fcomments&post=6665"}],"version-history":[{"count":1,"href":"https:\/\/diarioelfederaense.com.ar\/index.php?rest_route=\/wp\/v2\/posts\/6665\/revisions"}],"predecessor-version":[{"id":6667,"href":"https:\/\/diarioelfederaense.com.ar\/index.php?rest_route=\/wp\/v2\/posts\/6665\/revisions\/6667"}],"wp:featuredmedia":[{"embeddable":true,"href":"https:\/\/diarioelfederaense.com.ar\/index.php?rest_route=\/wp\/v2\/media\/6666"}],"wp:attachment":[{"href":"https:\/\/diarioelfederaense.com.ar\/index.php?rest_route=%2Fwp%2Fv2%2Fmedia&parent=6665"}],"wp:term":[{"taxonomy":"category","embeddable":true,"href":"https:\/\/diarioelfederaense.com.ar\/index.php?rest_route=%2Fwp%2Fv2%2Fcategories&post=6665"},{"taxonomy":"post_tag","embeddable":true,"href":"https:\/\/diarioelfederaense.com.ar\/index.php?rest_route=%2Fwp%2Fv2%2Ftags&post=6665"}],"curies":[{"name":"wp","href":"https:\/\/api.w.org\/{rel}","templated":true}]}}