{"id":6656,"date":"2026-01-14T09:04:07","date_gmt":"2026-01-14T12:04:07","guid":{"rendered":"https:\/\/diarioelfederaense.com.ar\/?p=6656"},"modified":"2026-01-14T09:04:07","modified_gmt":"2026-01-14T12:04:07","slug":"regreso-el-peaje-en-la-ruta-14-y-los-justifican-con-algunos-trabajos-cortan-el-pasto-y-limpian-en-zonas-de-colon-y-federacion","status":"publish","type":"post","link":"https:\/\/diarioelfederaense.com.ar\/?p=6656","title":{"rendered":"REGRES\u00d3 EL PEAJE EN LA RUTA 14 Y LOS JUSTIFICAN CON ALGUNOS TRABAJOS: Cortan el pasto y limpian en zonas de Col\u00f3n y Federaci\u00f3n"},"content":{"rendered":"\n<p><a><\/a>La empresa concesionaria Autov\u00eda del Mercosur inform\u00f3 que durante la jornada de este martes se llevaron adelante obras de mantenimiento y puesta en valor sobre distintos tramos de las Rutas Nacionales 12 y 14, con el objetivo de mejorar la seguridad y las condiciones de circulaci\u00f3n en el corredor vial.<\/p>\n\n\n\n<p>En lo que respecta a la Ruta Nacional 12, se completaron tareas de corte de pasto con equipo mec\u00e1nico en el tramo comprendido entre la RN 9 y Ceibas, mientras que en forma paralela se avanz\u00f3 con trabajos manuales desde el kil\u00f3metro 127 hasta la localidad de Ceibas. Adem\u00e1s, se desarrollaron obras de reasfaltado en tres sectores ubicados entre el Peaje Z\u00e1rate y Ceibas.<\/p>\n\n\n\n<p>Tambi\u00e9n se ejecutaron reparaciones puntuales de la calzada en el Puente Mitre y en el Puente General Urquiza, junto con trabajos complementarios en las barandas de defensa de ambas estructuras, reforzando as\u00ed la seguridad vial en puntos clave del trazado.<\/p>\n\n\n\n<p>En cuanto a la Ruta Nacional 14, se realizaron tareas de reacondicionamiento del asfalto entre Ceibas y el kil\u00f3metro 5. Asimismo, se llev\u00f3 adelante la limpieza de banquinas bajo barandas en el tramo que une Federaci\u00f3n con Colonia Alemana, y se efectuaron reparaciones de calzada para corregir ahuellamientos entre las localidades de Col\u00f3n y Ubajay.<\/p>\n\n\n\n<p>Desde la empresa concesionaria se solicit\u00f3 a los usuarios circular con precauci\u00f3n y respetar la se\u00f1alizaci\u00f3n preventiva dispuesta en las zonas de trabajo, a fin de resguardar la seguridad tanto del personal afectado a las obras como de quienes transitan diariamente por este importante corredor del Litoral argentino.<\/p>\n","protected":false},"excerpt":{"rendered":"<p>La empresa concesionaria Autov\u00eda del Mercosur inform\u00f3 que durante la jornada de este martes se llevaron adelante obras de mantenimiento y puesta en valor sobre distintos tramos de las Rutas Nacionales 12 y 14, con el objetivo de mejorar la seguridad y las condiciones de circulaci\u00f3n en el corredor vial. En lo que respecta a [&hellip;]<\/p>\n","protected":false},"author":2,"featured_media":6657,"comment_status":"closed","ping_status":"closed","sticky":false,"template":"","format":"standard","meta":{"_et_pb_use_builder":"","_et_pb_old_content":"","footnotes":""},"categories":[1],"tags":[],"class_list":["post-6656","post","type-post","status-publish","format-standard","has-post-thumbnail","hentry","category-sin-categoria"],"_links":{"self":[{"href":"https:\/\/diarioelfederaense.com.ar\/index.php?rest_route=\/wp\/v2\/posts\/6656"}],"collection":[{"href":"https:\/\/diarioelfederaense.com.ar\/index.php?rest_route=\/wp\/v2\/posts"}],"about":[{"href":"https:\/\/diarioelfederaense.com.ar\/index.php?rest_route=\/wp\/v2\/types\/post"}],"author":[{"embeddable":true,"href":"https:\/\/diarioelfederaense.com.ar\/index.php?rest_route=\/wp\/v2\/users\/2"}],"replies":[{"embeddable":true,"href":"https:\/\/diarioelfederaense.com.ar\/index.php?rest_route=%2Fwp%2Fv2%2Fcomments&post=6656"}],"version-history":[{"count":1,"href":"https:\/\/diarioelfederaense.com.ar\/index.php?rest_route=\/wp\/v2\/posts\/6656\/revisions"}],"predecessor-version":[{"id":6658,"href":"https:\/\/diarioelfederaense.com.ar\/index.php?rest_route=\/wp\/v2\/posts\/6656\/revisions\/6658"}],"wp:featuredmedia":[{"embeddable":true,"href":"https:\/\/diarioelfederaense.com.ar\/index.php?rest_route=\/wp\/v2\/media\/6657"}],"wp:attachment":[{"href":"https:\/\/diarioelfederaense.com.ar\/index.php?rest_route=%2Fwp%2Fv2%2Fmedia&parent=6656"}],"wp:term":[{"taxonomy":"category","embeddable":true,"href":"https:\/\/diarioelfederaense.com.ar\/index.php?rest_route=%2Fwp%2Fv2%2Fcategories&post=6656"},{"taxonomy":"post_tag","embeddable":true,"href":"https:\/\/diarioelfederaense.com.ar\/index.php?rest_route=%2Fwp%2Fv2%2Ftags&post=6656"}],"curies":[{"name":"wp","href":"https:\/\/api.w.org\/{rel}","templated":true}]}}