{"id":6653,"date":"2026-01-14T07:35:08","date_gmt":"2026-01-14T10:35:08","guid":{"rendered":"https:\/\/diarioelfederaense.com.ar\/?p=6653"},"modified":"2026-01-14T07:35:09","modified_gmt":"2026-01-14T10:35:09","slug":"se-le-complica-al-intendente-de-colon-el-que-se-fue-de-vacaciones-en-auto-oficial-y-con-la-nuestra","status":"publish","type":"post","link":"https:\/\/diarioelfederaense.com.ar\/?p=6653","title":{"rendered":"SE LE COMPLICA AL INTENDENTE DE COL\u00d3N, \u00c9L QUE SE FUE DE VACACIONES EN AUTO OFICIAL Y CON \u00abLA NUESTRA\u00bb"},"content":{"rendered":"\n<p><a><\/a>Viaje de Walser a Brasil: concejales de LLA impulsan un pedido de informes y analizan una denuncia penal<\/p>\n\n\n\n<p>El bloque de concejales de La Libertad Avanza (LLA) de Col\u00f3n presentar\u00e1n este martes un pedido de informes en relaci\u00f3n con el viaje a Brasil en el que el intendente Jos\u00e9 Luis Walser sufri\u00f3 un accidente junto a su familia, el pasado 9 de diciembre. En paralelo, anticiparon que trabajan en la preparaci\u00f3n de una denuncia penal.<\/p>\n\n\n\n<p>\u201cSon preguntas que nos hacemos todos los vecinos. Nosotros no somos jueces; nuestro rol es controlar al Ejecutivo. Esperamos respuestas concretas dentro del plazo de 90 d\u00edas que establece la Ley 10.027, de lo contrario deberemos accionar judicialmente\u201d, se\u00f1al\u00f3 el concejal Hermes Roy Liberman.<\/p>\n\n\n\n<p>En el escrito, los ediles advierten que el eventual uso de bienes del Estado municipal para fines particulares podr\u00eda constituir una violaci\u00f3n a los principios de legalidad y transparencia, y eventualmente encuadrar en figuras penales previstas en el C\u00f3digo Penal y en la normativa de administraci\u00f3n p\u00fablica.<\/p>\n\n\n\n<p>Entre los puntos centrales, los concejales consideran \u201cindispensable\u201d determinar si existi\u00f3 una autorizaci\u00f3n administrativa expresa \u2014mediante resoluci\u00f3n, decreto u otro acto formal\u2014 que habilitara el viaje, el uso del veh\u00edculo oficial fuera del pa\u00eds y el traslado de personas ajenas a la funci\u00f3n p\u00fablica. Tambi\u00e9n solicitan precisiones sobre el siniestro vial sufrido por el veh\u00edculo, sus posibles consecuencias patrimoniales para el municipio, el r\u00e9gimen de seguros vigente y las responsabilidades asumidas, as\u00ed como los costos afrontados o a afrontar por el erario p\u00fablico.<\/p>\n\n\n\n<p>Seg\u00fan lo publicado por El Entre R\u00edos, el pedido de informes requiere saber si hubo un acto administrativo que autorizara el viaje del intendente a Brasil, indicando fecha, n\u00famero y fundamentos; si dicho acto contemplaba expresamente el uso del veh\u00edculo oficial y sus caracter\u00edsticas; si autorizaba el traslado de familiares; y por qu\u00e9 motivo estaba previsto continuar utilizando el mismo rodado durante un per\u00edodo destinado al descanso familiar.<\/p>\n\n\n\n<p>En relaci\u00f3n con el seguro, se consulta si se encontraba vigente al momento del accidente y si cubre siniestros ocurridos en el extranjero con ocupantes no vinculados a la funci\u00f3n p\u00fablica.<\/p>\n\n\n\n<p>Adem\u00e1s, los concejales preguntan si el Departamento Ejecutivo Municipal inici\u00f3 alg\u00fan sumario administrativo o investigaci\u00f3n interna a ra\u00edz del uso del veh\u00edculo oficial y del siniestro. Tambi\u00e9n solicitan copia de la invitaci\u00f3n formal para participar del acto de asunci\u00f3n de autoridades del Tribunal de Cuentas del Estado de R\u00edo Grande do Sul, mencionado en un comunicado oficial, as\u00ed como detalles sobre la funci\u00f3n que cumplir\u00eda el intendente en ese evento y los beneficios concretos que se preve\u00edan para la ciudad de Col\u00f3n.<\/p>\n\n\n\n<p>El pedido incluye, asimismo, informaci\u00f3n sobre si se realiz\u00f3 alguna pericia policial o administrativa en Brasil y la remisi\u00f3n de los informes correspondientes, adem\u00e1s de precisar d\u00f3nde se encuentra actualmente el veh\u00edculo oficial involucrado.<\/p>\n\n\n\n<p>Posible denuncia penal<\/p>\n\n\n\n<p>En paralelo, el bloque de LLA adelant\u00f3 que en las pr\u00f3ximas semanas presentar\u00e1 una denuncia penal, con los concejales constituy\u00e9ndose como querellantes.<\/p>\n\n\n\n<p>\u201cLos hechos se enmarcan en posibles delitos. No son hechos controvertidos, ya que est\u00e1n confirmados por la otra parte\u201d, afirm\u00f3 Liberman. Como ejemplo, mencion\u00f3 la posible configuraci\u00f3n de un peculado de uso, al sostener que, aun cuando el intendente hubiera afrontado con recursos propios gastos como peajes y combustible, subsiste la cuesti\u00f3n del uso de un veh\u00edculo oficial para el traslado familiar.<\/p>\n\n\n\n<p>\u201cEl comunicado de la municipalidad confirma que hab\u00eda un viaje oficial. La reuni\u00f3n era un mi\u00e9rcoles y luego el intendente se quedaba a descansar con su familia hasta el viernes utilizando el mismo veh\u00edculo. Eso podr\u00eda encuadrar en un delito de peculado doloso o culposo, es decir, el uso de un bien p\u00fablico para beneficio propio o de terceros\u201d, explic\u00f3.<\/p>\n\n\n\n<p>\u201cSer\u00e1 la Justicia la que determine si hubo delito, pero nuestro trabajo es presentar los hechos y se\u00f1alar las inconsistencias o, al menos, que los relatos no resultan coincidentes\u201d, concluy\u00f3 el concejal.<\/p>\n","protected":false},"excerpt":{"rendered":"<p>Viaje de Walser a Brasil: concejales de LLA impulsan un pedido de informes y analizan una denuncia penal El bloque de concejales de La Libertad Avanza (LLA) de Col\u00f3n presentar\u00e1n este martes un pedido de informes en relaci\u00f3n con el viaje a Brasil en el que el intendente Jos\u00e9 Luis Walser sufri\u00f3 un accidente junto [&hellip;]<\/p>\n","protected":false},"author":2,"featured_media":6654,"comment_status":"closed","ping_status":"closed","sticky":false,"template":"","format":"standard","meta":{"_et_pb_use_builder":"","_et_pb_old_content":"","footnotes":""},"categories":[1],"tags":[],"class_list":["post-6653","post","type-post","status-publish","format-standard","has-post-thumbnail","hentry","category-sin-categoria"],"_links":{"self":[{"href":"https:\/\/diarioelfederaense.com.ar\/index.php?rest_route=\/wp\/v2\/posts\/6653"}],"collection":[{"href":"https:\/\/diarioelfederaense.com.ar\/index.php?rest_route=\/wp\/v2\/posts"}],"about":[{"href":"https:\/\/diarioelfederaense.com.ar\/index.php?rest_route=\/wp\/v2\/types\/post"}],"author":[{"embeddable":true,"href":"https:\/\/diarioelfederaense.com.ar\/index.php?rest_route=\/wp\/v2\/users\/2"}],"replies":[{"embeddable":true,"href":"https:\/\/diarioelfederaense.com.ar\/index.php?rest_route=%2Fwp%2Fv2%2Fcomments&post=6653"}],"version-history":[{"count":1,"href":"https:\/\/diarioelfederaense.com.ar\/index.php?rest_route=\/wp\/v2\/posts\/6653\/revisions"}],"predecessor-version":[{"id":6655,"href":"https:\/\/diarioelfederaense.com.ar\/index.php?rest_route=\/wp\/v2\/posts\/6653\/revisions\/6655"}],"wp:featuredmedia":[{"embeddable":true,"href":"https:\/\/diarioelfederaense.com.ar\/index.php?rest_route=\/wp\/v2\/media\/6654"}],"wp:attachment":[{"href":"https:\/\/diarioelfederaense.com.ar\/index.php?rest_route=%2Fwp%2Fv2%2Fmedia&parent=6653"}],"wp:term":[{"taxonomy":"category","embeddable":true,"href":"https:\/\/diarioelfederaense.com.ar\/index.php?rest_route=%2Fwp%2Fv2%2Fcategories&post=6653"},{"taxonomy":"post_tag","embeddable":true,"href":"https:\/\/diarioelfederaense.com.ar\/index.php?rest_route=%2Fwp%2Fv2%2Ftags&post=6653"}],"curies":[{"name":"wp","href":"https:\/\/api.w.org\/{rel}","templated":true}]}}