{"id":6647,"date":"2026-01-13T21:27:36","date_gmt":"2026-01-14T00:27:36","guid":{"rendered":"https:\/\/diarioelfederaense.com.ar\/?p=6647"},"modified":"2026-01-13T21:27:36","modified_gmt":"2026-01-14T00:27:36","slug":"la-inflacion-de-diciembre-fue-del-28-y-el-2025-se-cerro-con-una-variacion-total-del-315","status":"publish","type":"post","link":"https:\/\/diarioelfederaense.com.ar\/?p=6647","title":{"rendered":"La inflaci\u00f3n de diciembre fue del 2,8% y el 2025 se cerr\u00f3 con una variaci\u00f3n total del 31,5%"},"content":{"rendered":"\n<h2 class=\"wp-block-heading\">Aunque hubo una aceleraci\u00f3n con respecto a noviembre, el registro anual fue el m\u00e1s bajo desde el 2017<\/h2>\n\n\n\n<p>El Instituto Nacional de Estad\u00edsticas y Censos (INDEC) public\u00f3 este martes el \u00cdndice de Precios al Consumidor (IPC) de diciembre. Seg\u00fan el informe oficial, la&nbsp;<strong>inflaci\u00f3n<\/strong>&nbsp;del \u00faltimo mes del a\u00f1o alcanz\u00f3 el 2,8% y acumul\u00f3 una variaci\u00f3n total del 31,5% durante el 2025.<\/p>\n\n\n\n<p>El registro anual se ubic\u00f3 como el m\u00e1s bajo desde 2017, cuando el indicador hab\u00eda cerrado con 24,8%.<\/p>\n\n\n\n<h3 class=\"wp-block-heading\"><strong>Peque\u00f1a aceleraci\u00f3n<\/strong><\/h3>\n\n\n\n<p>La medici\u00f3n mensual mostr\u00f3 una aceleraci\u00f3n de tres d\u00e9cimas respecto de noviembre y estuvo impulsada principalmente por el rubro Transporte, que aument\u00f3 4% en diciembre.<\/p>\n\n\n\n<p>Vivienda, agua, electricidad, gas y otros combustibles se ubic\u00f3 en segundo lugar con una variaci\u00f3n del 3,4%. En tanto, las divisiones de menor incremento fueron Prendas de vestir y calzado, con 1,1%, y Educaci\u00f3n, con un 0,4%, seg\u00fan detall\u00f3 el INDEC.<\/p>\n\n\n\n<p><\/p>\n\n\n\n<h3 class=\"wp-block-heading\"><strong>Variaci\u00f3n por regiones<\/strong><\/h3>\n\n\n\n<p>En el desglose regional tambi\u00e9n se observaron diferencias en el comportamiento de precios. El Noreste registr\u00f3 el mayor incremento mensual con 3,4%, seguido por Cuyo (3%) y la regi\u00f3n Pampeana (2,9%).<\/p>\n\n\n\n<p>En l\u00ednea con el dato nacional se posicion\u00f3 el Gran Buenos Aires. Las variaciones m\u00e1s bajas se dieron en el Noroeste y en la Patagonia, ambas con 2,6%.<\/p>\n\n\n\n<p>A nivel de categor\u00edas, los precios Regulados lideraron con un incremento del 3,3% en diciembre, mientras que el IPC N\u00facleo avanz\u00f3 3% y los Estacionales subieron 0,6%.<\/p>\n","protected":false},"excerpt":{"rendered":"<p>Aunque hubo una aceleraci\u00f3n con respecto a noviembre, el registro anual fue el m\u00e1s bajo desde el 2017 El Instituto Nacional de Estad\u00edsticas y Censos (INDEC) public\u00f3 este martes el \u00cdndice de Precios al Consumidor (IPC) de diciembre. Seg\u00fan el informe oficial, la&nbsp;inflaci\u00f3n&nbsp;del \u00faltimo mes del a\u00f1o alcanz\u00f3 el 2,8% y acumul\u00f3 una variaci\u00f3n total [&hellip;]<\/p>\n","protected":false},"author":2,"featured_media":6648,"comment_status":"closed","ping_status":"closed","sticky":false,"template":"","format":"standard","meta":{"_et_pb_use_builder":"","_et_pb_old_content":"","footnotes":""},"categories":[1],"tags":[],"class_list":["post-6647","post","type-post","status-publish","format-standard","has-post-thumbnail","hentry","category-sin-categoria"],"_links":{"self":[{"href":"https:\/\/diarioelfederaense.com.ar\/index.php?rest_route=\/wp\/v2\/posts\/6647"}],"collection":[{"href":"https:\/\/diarioelfederaense.com.ar\/index.php?rest_route=\/wp\/v2\/posts"}],"about":[{"href":"https:\/\/diarioelfederaense.com.ar\/index.php?rest_route=\/wp\/v2\/types\/post"}],"author":[{"embeddable":true,"href":"https:\/\/diarioelfederaense.com.ar\/index.php?rest_route=\/wp\/v2\/users\/2"}],"replies":[{"embeddable":true,"href":"https:\/\/diarioelfederaense.com.ar\/index.php?rest_route=%2Fwp%2Fv2%2Fcomments&post=6647"}],"version-history":[{"count":1,"href":"https:\/\/diarioelfederaense.com.ar\/index.php?rest_route=\/wp\/v2\/posts\/6647\/revisions"}],"predecessor-version":[{"id":6649,"href":"https:\/\/diarioelfederaense.com.ar\/index.php?rest_route=\/wp\/v2\/posts\/6647\/revisions\/6649"}],"wp:featuredmedia":[{"embeddable":true,"href":"https:\/\/diarioelfederaense.com.ar\/index.php?rest_route=\/wp\/v2\/media\/6648"}],"wp:attachment":[{"href":"https:\/\/diarioelfederaense.com.ar\/index.php?rest_route=%2Fwp%2Fv2%2Fmedia&parent=6647"}],"wp:term":[{"taxonomy":"category","embeddable":true,"href":"https:\/\/diarioelfederaense.com.ar\/index.php?rest_route=%2Fwp%2Fv2%2Fcategories&post=6647"},{"taxonomy":"post_tag","embeddable":true,"href":"https:\/\/diarioelfederaense.com.ar\/index.php?rest_route=%2Fwp%2Fv2%2Ftags&post=6647"}],"curies":[{"name":"wp","href":"https:\/\/api.w.org\/{rel}","templated":true}]}}