{"id":6644,"date":"2026-01-13T20:36:32","date_gmt":"2026-01-13T23:36:32","guid":{"rendered":"https:\/\/diarioelfederaense.com.ar\/?p=6644"},"modified":"2026-01-13T20:36:33","modified_gmt":"2026-01-13T23:36:33","slug":"con-la-cuenta-regresiva-en-marcha-se-ultiman-los-detalles-para-la-fiesta-nacional-de-la-sandia","status":"publish","type":"post","link":"https:\/\/diarioelfederaense.com.ar\/?p=6644","title":{"rendered":"Con la cuenta regresiva en marcha se ultiman los detalles para la Fiesta Nacional de la Sand\u00eda"},"content":{"rendered":"\n<p><a><\/a>Santa Ana, localidad del departamento Federaci\u00f3n, se prepara para vivir una nueva edici\u00f3n de uno de sus eventos m\u00e1s convocantes; la 11\u00aa Fiesta Nacional de la Sand\u00eda, que se desarrollar\u00e1 del viernes 16 al domingo 18 de enero.<\/p>\n\n\n\n<p>Fiesta Nacional de la Sand\u00eda. De acuerdo a la informaci\u00f3n a la que pudo acceder Diario R\u00edo Uruguay, el evento fue recientemente declarado de Inter\u00e9s Legislativo Provincial por la C\u00e1mara de Diputados de Entre R\u00edos, un reconocimiento que destaca la importancia cultural, tur\u00edstica y productiva de esta fiesta que pone en valor el trabajo de los productores sandieros y la identidad local.<\/p>\n\n\n\n<p>Entradas y detalles<\/p>\n\n\n\n<p>Desde la organizaci\u00f3n recordaron que el viernes 16 la entrada ser\u00e1 libre y gratuita, mientras que el s\u00e1bado 17 y domingo 18 el valor general ser\u00e1 de $10.000 para mayores y $5.000 para menores. Las plateas tendr\u00e1n un costo adicional de $5.000.<\/p>\n\n\n\n<p>Las entradas se abonar\u00e1n a partir de los 12 a\u00f1os; los menores de hasta 4 a\u00f1os ingresan gratis; y de 5 a 11 a\u00f1os pagan $5.000. Las personas con discapacidad, presentando el certificado correspondiente, no abonan entrada.<\/p>\n\n\n\n<p>Un dato importante para el p\u00fablico es que las entradas solo podr\u00e1n adquirirse en puerta, durante los d\u00edas del evento, con boleter\u00edas que abrir\u00e1n a las 20.30 horas. El estacionamiento tendr\u00e1 un valor de $5.000.<\/p>\n\n\n\n<p>En cuanto a las normas de ingreso, se permitir\u00e1 llevar sillones o almohadones para la tribuna y equipo de mate, aunque no estar\u00e1 permitido el ingreso con conservadoras, bebidas ni mascotas.<\/p>\n\n\n\n<p>La grilla completa<\/p>\n\n\n\n<p>La fiesta ofrecer\u00e1 una programaci\u00f3n art\u00edstica variada, en ese marco, este viernes 16 de enero actuar\u00e1n los ganadores del Festival Pre Sand\u00eda, junto a El Vikingo Correa y Klandestinos, en una noche con acceso gratuito.<\/p>\n\n\n\n<p>El s\u00e1bado 17 ser\u00e1 el turno del Ballet Micro Regi\u00f3n Joaj\u00fa, el Ballet Infanto Juvenil de Santa Ana, la apertura oficial y los ya tradicionales fuegos artificiales. En el escenario tambi\u00e9n dir\u00e1n presente Michelle Mosna y su conjunto Libertad Chamamecera, Monchito Merlo, un Tributo al rock nacional y el gran cierre a cargo de Los Nocheros.<\/p>\n\n\n\n<p>Finalmente, el domingo 18, la jornada final incluir\u00e1 la presentaci\u00f3n del Ballet Compa\u00f1ero del Alma, la premiaci\u00f3n a los productores y la elecci\u00f3n de la Reina Nacional de la Sand\u00eda. Musicalmente, se destacan La Octava (covers de rock nacional), Miguel Figueroa y su conjunto Amanecer Campero: y el cierre estelar con Lucas Sugo.<\/p>\n","protected":false},"excerpt":{"rendered":"<p>Santa Ana, localidad del departamento Federaci\u00f3n, se prepara para vivir una nueva edici\u00f3n de uno de sus eventos m\u00e1s convocantes; la 11\u00aa Fiesta Nacional de la Sand\u00eda, que se desarrollar\u00e1 del viernes 16 al domingo 18 de enero. Fiesta Nacional de la Sand\u00eda. De acuerdo a la informaci\u00f3n a la que pudo acceder Diario R\u00edo [&hellip;]<\/p>\n","protected":false},"author":2,"featured_media":6645,"comment_status":"closed","ping_status":"closed","sticky":false,"template":"","format":"standard","meta":{"_et_pb_use_builder":"","_et_pb_old_content":"","footnotes":""},"categories":[1],"tags":[],"class_list":["post-6644","post","type-post","status-publish","format-standard","has-post-thumbnail","hentry","category-sin-categoria"],"_links":{"self":[{"href":"https:\/\/diarioelfederaense.com.ar\/index.php?rest_route=\/wp\/v2\/posts\/6644"}],"collection":[{"href":"https:\/\/diarioelfederaense.com.ar\/index.php?rest_route=\/wp\/v2\/posts"}],"about":[{"href":"https:\/\/diarioelfederaense.com.ar\/index.php?rest_route=\/wp\/v2\/types\/post"}],"author":[{"embeddable":true,"href":"https:\/\/diarioelfederaense.com.ar\/index.php?rest_route=\/wp\/v2\/users\/2"}],"replies":[{"embeddable":true,"href":"https:\/\/diarioelfederaense.com.ar\/index.php?rest_route=%2Fwp%2Fv2%2Fcomments&post=6644"}],"version-history":[{"count":1,"href":"https:\/\/diarioelfederaense.com.ar\/index.php?rest_route=\/wp\/v2\/posts\/6644\/revisions"}],"predecessor-version":[{"id":6646,"href":"https:\/\/diarioelfederaense.com.ar\/index.php?rest_route=\/wp\/v2\/posts\/6644\/revisions\/6646"}],"wp:featuredmedia":[{"embeddable":true,"href":"https:\/\/diarioelfederaense.com.ar\/index.php?rest_route=\/wp\/v2\/media\/6645"}],"wp:attachment":[{"href":"https:\/\/diarioelfederaense.com.ar\/index.php?rest_route=%2Fwp%2Fv2%2Fmedia&parent=6644"}],"wp:term":[{"taxonomy":"category","embeddable":true,"href":"https:\/\/diarioelfederaense.com.ar\/index.php?rest_route=%2Fwp%2Fv2%2Fcategories&post=6644"},{"taxonomy":"post_tag","embeddable":true,"href":"https:\/\/diarioelfederaense.com.ar\/index.php?rest_route=%2Fwp%2Fv2%2Ftags&post=6644"}],"curies":[{"name":"wp","href":"https:\/\/api.w.org\/{rel}","templated":true}]}}