{"id":6641,"date":"2026-01-13T16:35:55","date_gmt":"2026-01-13T19:35:55","guid":{"rendered":"https:\/\/diarioelfederaense.com.ar\/?p=6641"},"modified":"2026-01-13T16:35:56","modified_gmt":"2026-01-13T19:35:56","slug":"el-exito-de-la-fiesta-nacional-del-lago-fue-reconocida-tambien-por-la-oposicion","status":"publish","type":"post","link":"https:\/\/diarioelfederaense.com.ar\/?p=6641","title":{"rendered":"EL \u00c9XITO DE LA FIESTA NACIONAL DEL LAGO FUE RECONOCIDA TAMBI\u00c9N POR LA OPOSICI\u00d3N"},"content":{"rendered":"\n<p><a><\/a>MARIA TINTE DESTAC\u00d3 EL \u00c9XITO DE LA FIESTA NACIONAL DEL LAGO<\/p>\n\n\n\n<p>La ex concejal de Federaci\u00f3n y actual Coordinadora de CAFESG Sede Federaci\u00f3n, Mar\u00eda Tinte, se expres\u00f3 a trav\u00e9s de sus redes sociales tras la finalizaci\u00f3n de la Fiesta Nacional del Lago, donde resalt\u00f3 el impacto positivo del evento y lo calific\u00f3 como un \u201c\u00e9xito total\u201d, tanto por la calidad de la grilla art\u00edstica como por la gran convocatoria registrada durante las distintas jornadas.<\/p>\n\n\n\n<p>En su publicaci\u00f3n, Tinte subray\u00f3 que la ciudad \u201cno se merece menos\u201d, valorando especialmente la importancia que la Fiesta Nacional del Lago tiene para Federaci\u00f3n y el esfuerzo que implica su organizaci\u00f3n. En ese sentido, remarc\u00f3 su acompa\u00f1amiento permanente a esta celebraci\u00f3n, consider\u00e1ndola un evento central para la identidad y el desarrollo tur\u00edstico de la ciudad.<\/p>\n\n\n\n<p>Asimismo, la ex edil manifest\u00f3 su deseo de que todos los sectores vinculados a la fiesta hayan podido cumplir sus objetivos, mencionando a emprendedores, feriantes, hoteleros, gastron\u00f3micos y comerciantes, quienes forman parte activa del movimiento econ\u00f3mico que genera el evento.<\/p>\n\n\n\n<p>Finalmente, expres\u00f3 su anhelo de que los visitantes se hayan sentido bien recibidos y que los vecinos y vecinas de Federaci\u00f3n hayan podido disfrutar plenamente de la propuesta, destacando que la Fiesta Nacional del Lago \u201ces la fiesta de toda la ciudad\u201d.<\/p>\n\n\n\n<p>(Informe Ciudadano)<\/p>\n","protected":false},"excerpt":{"rendered":"<p>MARIA TINTE DESTAC\u00d3 EL \u00c9XITO DE LA FIESTA NACIONAL DEL LAGO La ex concejal de Federaci\u00f3n y actual Coordinadora de CAFESG Sede Federaci\u00f3n, Mar\u00eda Tinte, se expres\u00f3 a trav\u00e9s de sus redes sociales tras la finalizaci\u00f3n de la Fiesta Nacional del Lago, donde resalt\u00f3 el impacto positivo del evento y lo calific\u00f3 como un \u201c\u00e9xito [&hellip;]<\/p>\n","protected":false},"author":2,"featured_media":6642,"comment_status":"closed","ping_status":"closed","sticky":false,"template":"","format":"standard","meta":{"_et_pb_use_builder":"","_et_pb_old_content":"","footnotes":""},"categories":[1],"tags":[],"class_list":["post-6641","post","type-post","status-publish","format-standard","has-post-thumbnail","hentry","category-sin-categoria"],"_links":{"self":[{"href":"https:\/\/diarioelfederaense.com.ar\/index.php?rest_route=\/wp\/v2\/posts\/6641"}],"collection":[{"href":"https:\/\/diarioelfederaense.com.ar\/index.php?rest_route=\/wp\/v2\/posts"}],"about":[{"href":"https:\/\/diarioelfederaense.com.ar\/index.php?rest_route=\/wp\/v2\/types\/post"}],"author":[{"embeddable":true,"href":"https:\/\/diarioelfederaense.com.ar\/index.php?rest_route=\/wp\/v2\/users\/2"}],"replies":[{"embeddable":true,"href":"https:\/\/diarioelfederaense.com.ar\/index.php?rest_route=%2Fwp%2Fv2%2Fcomments&post=6641"}],"version-history":[{"count":1,"href":"https:\/\/diarioelfederaense.com.ar\/index.php?rest_route=\/wp\/v2\/posts\/6641\/revisions"}],"predecessor-version":[{"id":6643,"href":"https:\/\/diarioelfederaense.com.ar\/index.php?rest_route=\/wp\/v2\/posts\/6641\/revisions\/6643"}],"wp:featuredmedia":[{"embeddable":true,"href":"https:\/\/diarioelfederaense.com.ar\/index.php?rest_route=\/wp\/v2\/media\/6642"}],"wp:attachment":[{"href":"https:\/\/diarioelfederaense.com.ar\/index.php?rest_route=%2Fwp%2Fv2%2Fmedia&parent=6641"}],"wp:term":[{"taxonomy":"category","embeddable":true,"href":"https:\/\/diarioelfederaense.com.ar\/index.php?rest_route=%2Fwp%2Fv2%2Fcategories&post=6641"},{"taxonomy":"post_tag","embeddable":true,"href":"https:\/\/diarioelfederaense.com.ar\/index.php?rest_route=%2Fwp%2Fv2%2Ftags&post=6641"}],"curies":[{"name":"wp","href":"https:\/\/api.w.org\/{rel}","templated":true}]}}