{"id":6638,"date":"2026-01-13T16:23:01","date_gmt":"2026-01-13T19:23:01","guid":{"rendered":"https:\/\/diarioelfederaense.com.ar\/?p=6638"},"modified":"2026-01-13T16:23:02","modified_gmt":"2026-01-13T19:23:02","slug":"la-motosierra-de-peluca-nos-dejo-sin-gendarmeria","status":"publish","type":"post","link":"https:\/\/diarioelfederaense.com.ar\/?p=6638","title":{"rendered":"LA MOTOSIERRA DE PELUCA NOS DEJ\u00d3 SIN GENDARMER\u00cdA"},"content":{"rendered":"\n<p><a><\/a>El destacamento de Gendarmer\u00eda Nacional se traslada a Chajar\u00ed<\/p>\n\n\n\n<p>Personal de la instituci\u00f3n se debe trasladar para trabajar, la medida ya fue tomada y no tendr\u00e1 marcha atr\u00e1s.<\/p>\n\n\n\n<p>La determinaci\u00f3n implica el cese de funciones del destacamento de Gendarmer\u00eda Nacional en la ciudad de Federaci\u00f3n, decisi\u00f3n que ya hab\u00eda sido anticipada en car\u00e1cter de primicia por este medio el viernes de la semana pasada.<\/p>\n\n\n\n<p>De acuerdo a la informaci\u00f3n oficial recabada, el cierre responde a razones estrictamente presupuestarias y se enmarca en un proceso de reorganizaci\u00f3n operativa a nivel nacional. En este contexto, se confirm\u00f3 que no se trata de un caso aislado, ya que en el \u00faltimo tiempo otros destacamentos de Gendarmer\u00eda Nacional en distintas provincias del pa\u00eds han sido cerrados bajo el mismo criterio.<\/p>\n\n\n\n<p>Desde la instituci\u00f3n se indic\u00f3 que, por razones de reserva y respeto, no se brindar\u00e1n detalles vinculados al personal ni a aspectos internos del procedimiento. No obstante, se confirm\u00f3 que el Escuadr\u00f3n con asiento en la ciudad de Concordia, del cual depend\u00eda el destacamento de Federaci\u00f3n, ya dispuso el traslado total del \u00e1rea administrativa, incluyendo documentaci\u00f3n, archivos y material operativo, los cuales se encuentran en proceso de embalaje con destino a la ciudad de Chajar\u00ed.<\/p>\n\n\n\n<p>Asimismo, se procedi\u00f3 al retiro de la carteler\u00eda oficial, lo que constituye un paso formal dentro del proceso de cierre definitivo del destacamento, que mantuvo presencia institucional en Federaci\u00f3n durante m\u00e1s de dos d\u00e9cadas.<\/p>\n\n\n\n<p>Reubicaci\u00f3n del personal<\/p>\n\n\n\n<p>En relaci\u00f3n al personal, se inform\u00f3 que los efectivos ser\u00e1n reubicados conforme al nuevo esquema operativo definido por la fuerza, sin que ello implique precisiones sobre situaciones particulares, en resguardo de la confidencialidad institucional.<\/p>\n\n\n\n<p>Situaci\u00f3n del predio<\/p>\n\n\n\n<p>Respecto al inmueble donde funcionaba el destacamento, se detall\u00f3 que el terreno es de propiedad municipal, mientras que las instalaciones pertenecen a Gendarmer\u00eda Nacional. Al momento, no existe una definici\u00f3n oficial sobre el destino final del lugar, quedando dicha resoluci\u00f3n sujeta a las determinaciones que adopten las autoridades competentes.<\/p>\n\n\n\n<p>Comunicaci\u00f3n con el municipio<\/p>\n\n\n\n<p>Por \u00faltimo, se confirm\u00f3 que se comunicaron formalmente autoridades del Municipio de Federaci\u00f3n para saber sobre la medida. En ese marco, la secretaria de Gobierno, Alejandra Di Gresia, intervino como nexo institucional para tener un di\u00e1logo y orientando sobre los pasos a seguir ante esta decisi\u00f3n.<\/p>\n\n\n\n<p>Con esta determinaci\u00f3n, Gendarmer\u00eda Nacional pone fin a m\u00e1s de 20 a\u00f1os de presencia en la ciudad de Federaci\u00f3n, en una medida que, seg\u00fan lo confirmado por la propia instituci\u00f3n, es definitiva e irreversible.<\/p>\n\n\n\n<p>Fuente La \u00daltima Campana<\/p>\n","protected":false},"excerpt":{"rendered":"<p>El destacamento de Gendarmer\u00eda Nacional se traslada a Chajar\u00ed Personal de la instituci\u00f3n se debe trasladar para trabajar, la medida ya fue tomada y no tendr\u00e1 marcha atr\u00e1s. La determinaci\u00f3n implica el cese de funciones del destacamento de Gendarmer\u00eda Nacional en la ciudad de Federaci\u00f3n, decisi\u00f3n que ya hab\u00eda sido anticipada en car\u00e1cter de primicia [&hellip;]<\/p>\n","protected":false},"author":2,"featured_media":6639,"comment_status":"closed","ping_status":"closed","sticky":false,"template":"","format":"standard","meta":{"_et_pb_use_builder":"","_et_pb_old_content":"","footnotes":""},"categories":[1],"tags":[],"class_list":["post-6638","post","type-post","status-publish","format-standard","has-post-thumbnail","hentry","category-sin-categoria"],"_links":{"self":[{"href":"https:\/\/diarioelfederaense.com.ar\/index.php?rest_route=\/wp\/v2\/posts\/6638"}],"collection":[{"href":"https:\/\/diarioelfederaense.com.ar\/index.php?rest_route=\/wp\/v2\/posts"}],"about":[{"href":"https:\/\/diarioelfederaense.com.ar\/index.php?rest_route=\/wp\/v2\/types\/post"}],"author":[{"embeddable":true,"href":"https:\/\/diarioelfederaense.com.ar\/index.php?rest_route=\/wp\/v2\/users\/2"}],"replies":[{"embeddable":true,"href":"https:\/\/diarioelfederaense.com.ar\/index.php?rest_route=%2Fwp%2Fv2%2Fcomments&post=6638"}],"version-history":[{"count":1,"href":"https:\/\/diarioelfederaense.com.ar\/index.php?rest_route=\/wp\/v2\/posts\/6638\/revisions"}],"predecessor-version":[{"id":6640,"href":"https:\/\/diarioelfederaense.com.ar\/index.php?rest_route=\/wp\/v2\/posts\/6638\/revisions\/6640"}],"wp:featuredmedia":[{"embeddable":true,"href":"https:\/\/diarioelfederaense.com.ar\/index.php?rest_route=\/wp\/v2\/media\/6639"}],"wp:attachment":[{"href":"https:\/\/diarioelfederaense.com.ar\/index.php?rest_route=%2Fwp%2Fv2%2Fmedia&parent=6638"}],"wp:term":[{"taxonomy":"category","embeddable":true,"href":"https:\/\/diarioelfederaense.com.ar\/index.php?rest_route=%2Fwp%2Fv2%2Fcategories&post=6638"},{"taxonomy":"post_tag","embeddable":true,"href":"https:\/\/diarioelfederaense.com.ar\/index.php?rest_route=%2Fwp%2Fv2%2Ftags&post=6638"}],"curies":[{"name":"wp","href":"https:\/\/api.w.org\/{rel}","templated":true}]}}