{"id":6635,"date":"2026-01-13T13:18:20","date_gmt":"2026-01-13T16:18:20","guid":{"rendered":"https:\/\/diarioelfederaense.com.ar\/?p=6635"},"modified":"2026-01-13T13:18:21","modified_gmt":"2026-01-13T16:18:21","slug":"el-intendente-de-colon-dio-detalles-del-accidente-en-brasil-nos-salvamos-de-milagro","status":"publish","type":"post","link":"https:\/\/diarioelfederaense.com.ar\/?p=6635","title":{"rendered":"El intendente de Col\u00f3n dio detalles del accidente en Brasil: \u201cNos salvamos de milagro\u201d"},"content":{"rendered":"\n<p><a><\/a>El intendente de Col\u00f3n, Jos\u00e9 Luis Walser, brind\u00f3 este martes una conferencia de prensa en la que relat\u00f3 en detalle todo lo vivido durante su estad\u00eda en Brasil, donde su familia sufri\u00f3 un grav\u00edsimo accidente vial el pasado 9 de diciembre, a pocos kil\u00f3metros de la ciudad de Torres, en el estado de R\u00edo Grande do Sul. Tras m\u00e1s de un mes fuera de la ciudad, el jefe comunal se reincorpor\u00f3 a sus funciones y present\u00f3 adem\u00e1s un informe ante el Concejo Deliberante.<\/p>\n\n\n\n<p>Walser explic\u00f3 que el viaje tuvo una combinaci\u00f3n de agenda oficial y descanso familiar. Indic\u00f3 que hab\u00eda sido invitado oficialmente a Porto Alegre para participar de la asunci\u00f3n de autoridades del Tribunal de Cuentas de Brasil, en el marco del Comit\u00e9 de Cuenca, con el objetivo de fortalecer v\u00ednculos vinculados al turismo internacional y la actividad empresarial. En ese contexto, decidi\u00f3 sumar a su familia al viaje. \u201cFue un error y algo que voy a cambiar. En seis a\u00f1os no me tom\u00e9 vacaciones y est\u00e1 mal\u201d, reconoci\u00f3.<\/p>\n\n\n\n<p>El mandatario record\u00f3 con crudeza el momento del accidente. \u201cLlov\u00eda torrencialmente, hab\u00eda agua en la calzada y a unos diez minutos de llegar a Torres perd\u00ed el control de la camioneta. Dimos varios vuelcos. Nos salvamos de milagro\u201d, afirm\u00f3. En el veh\u00edculo oficial viajaban Walser, su esposa Gimena Bordet y sus hijos, todos con cintur\u00f3n de seguridad colocado.<\/p>\n\n\n\n<p>Tras el siniestro, la familia fue trasladada inicialmente al hospital de Torres. Dos de los hijos resultaron con lesiones, una de ellas con una fractura de pelvis que a\u00fan se encuentra en recuperaci\u00f3n. La situaci\u00f3n m\u00e1s grave fue la de Gimena Bordet, quien presentaba un cuadro cr\u00edtico y fue derivada al hospital Cristo Redentor de Porto Alegre, especializado en traumatolog\u00eda. All\u00ed permaneci\u00f3 26 d\u00edas en terapia intensiva, 15 de ellos en coma inducido.<\/p>\n\n\n\n<p>Walser relat\u00f3 que la evoluci\u00f3n de su esposa fue compleja, con m\u00faltiples complicaciones, pero destac\u00f3 el acompa\u00f1amiento m\u00e9dico y humano recibido. \u201cCuando le realizaron la traqueotom\u00eda y pude estar con ella gran parte del d\u00eda, comenz\u00f3 una recuperaci\u00f3n notable\u201d, explic\u00f3. Finalmente, Bordet recibi\u00f3 el alta y regres\u00f3 a Col\u00f3n el \u00faltimo fin de semana.<\/p>\n\n\n\n<p>El intendente tambi\u00e9n destac\u00f3 el funcionamiento del Municipio durante su ausencia y expres\u00f3 sentirse \u201cmuy orgulloso del equipo de gesti\u00f3n\u201d, resaltando el rol de la viceintendenta Mar\u00eda Dalleves, quien qued\u00f3 a cargo del Ejecutivo. Asimismo, aclar\u00f3 que no solicit\u00f3 vi\u00e1ticos y que todos los gastos del viaje fueron afrontados por su familia. El veh\u00edculo oficial se encuentra actualmente en un dep\u00f3sito de la Polic\u00eda Rodoviaria Federal en Torres y el siniestro fue debidamente denunciado ante el Instituto del Seguro de Entre R\u00edos.<\/p>\n\n\n\n<p>Visiblemente emocionado, Walser reflexion\u00f3 sobre lo ocurrido: \u201cNo somos la misma familia despu\u00e9s de esto. Tampoco soy el mismo Jos\u00e9 Luis. Nada vale la pena cuando lo m\u00e1s preciado que ten\u00e9s est\u00e1 al borde de la muerte\u201d. Y concluy\u00f3 asegurando que har\u00e1 \u201cun esfuerzo enorme por cambiar y humanizar a\u00fan m\u00e1s la funci\u00f3n p\u00fablica\u201d.<\/p>\n\n\n\n<p>Durante la conferencia, estuvo acompa\u00f1ado por integrantes de su gabinete y concejales, y respondi\u00f3 preguntas de la prensa, agradeciendo especialmente a la comunidad por las muestras de afecto y acompa\u00f1amiento durante \u201cuno de los momentos m\u00e1s dif\u00edciles\u201d de su vida.<\/p>\n","protected":false},"excerpt":{"rendered":"<p>El intendente de Col\u00f3n, Jos\u00e9 Luis Walser, brind\u00f3 este martes una conferencia de prensa en la que relat\u00f3 en detalle todo lo vivido durante su estad\u00eda en Brasil, donde su familia sufri\u00f3 un grav\u00edsimo accidente vial el pasado 9 de diciembre, a pocos kil\u00f3metros de la ciudad de Torres, en el estado de R\u00edo Grande [&hellip;]<\/p>\n","protected":false},"author":2,"featured_media":6636,"comment_status":"closed","ping_status":"closed","sticky":false,"template":"","format":"standard","meta":{"_et_pb_use_builder":"","_et_pb_old_content":"","footnotes":""},"categories":[1],"tags":[],"class_list":["post-6635","post","type-post","status-publish","format-standard","has-post-thumbnail","hentry","category-sin-categoria"],"_links":{"self":[{"href":"https:\/\/diarioelfederaense.com.ar\/index.php?rest_route=\/wp\/v2\/posts\/6635"}],"collection":[{"href":"https:\/\/diarioelfederaense.com.ar\/index.php?rest_route=\/wp\/v2\/posts"}],"about":[{"href":"https:\/\/diarioelfederaense.com.ar\/index.php?rest_route=\/wp\/v2\/types\/post"}],"author":[{"embeddable":true,"href":"https:\/\/diarioelfederaense.com.ar\/index.php?rest_route=\/wp\/v2\/users\/2"}],"replies":[{"embeddable":true,"href":"https:\/\/diarioelfederaense.com.ar\/index.php?rest_route=%2Fwp%2Fv2%2Fcomments&post=6635"}],"version-history":[{"count":1,"href":"https:\/\/diarioelfederaense.com.ar\/index.php?rest_route=\/wp\/v2\/posts\/6635\/revisions"}],"predecessor-version":[{"id":6637,"href":"https:\/\/diarioelfederaense.com.ar\/index.php?rest_route=\/wp\/v2\/posts\/6635\/revisions\/6637"}],"wp:featuredmedia":[{"embeddable":true,"href":"https:\/\/diarioelfederaense.com.ar\/index.php?rest_route=\/wp\/v2\/media\/6636"}],"wp:attachment":[{"href":"https:\/\/diarioelfederaense.com.ar\/index.php?rest_route=%2Fwp%2Fv2%2Fmedia&parent=6635"}],"wp:term":[{"taxonomy":"category","embeddable":true,"href":"https:\/\/diarioelfederaense.com.ar\/index.php?rest_route=%2Fwp%2Fv2%2Fcategories&post=6635"},{"taxonomy":"post_tag","embeddable":true,"href":"https:\/\/diarioelfederaense.com.ar\/index.php?rest_route=%2Fwp%2Fv2%2Ftags&post=6635"}],"curies":[{"name":"wp","href":"https:\/\/api.w.org\/{rel}","templated":true}]}}