{"id":6632,"date":"2026-01-13T07:24:43","date_gmt":"2026-01-13T10:24:43","guid":{"rendered":"https:\/\/diarioelfederaense.com.ar\/?p=6632"},"modified":"2026-01-13T07:24:44","modified_gmt":"2026-01-13T10:24:44","slug":"comenzo-la-modernizacion-de-la-cocina-del-hospital-san-jose","status":"publish","type":"post","link":"https:\/\/diarioelfederaense.com.ar\/?p=6632","title":{"rendered":"COMENZ\u00d3 LA MODERNIZACI\u00d3N DE LA COCINA DEL HOSPITAL SAN JOS\u00c9"},"content":{"rendered":"\n<p><a><\/a>Desde el Hospital San Jos\u00e9 de Federaci\u00f3n informamos con gran alegr\u00eda que este lunes dio inicio la obra de remodelaci\u00f3n y modernizaci\u00f3n de la cocina, una intervenci\u00f3n clave para fortalecer la infraestructura sanitaria y mejorar la calidad del servicio que se brinda a pacientes y trabajadores.<\/p>\n\n\n\n<p>La obra, gestionada por la Direcci\u00f3n del Hospital a cargo de la Dra Maria Nilda Urquiza, cuenta con una inversi\u00f3n de $261.449.863,81 y permitir\u00e1 renovar un sector con m\u00e1s de 40 a\u00f1os de antig\u00fcedad, optimizando las condiciones laborales del personal y garantizando un entorno seguro e higi\u00e9nico para la elaboraci\u00f3n de alimentos.<\/p>\n\n\n\n<p>El proyecto contempla la ampliaci\u00f3n y reorganizaci\u00f3n integral del \u00e1rea, diferenciando el sector fr\u00edo y el sector caliente, lo que permitir\u00e1 ordenar los procesos de trabajo y cumplir con las normas sanitarias vigentes. Los trabajos se desarrollar\u00e1n sobre una superficie aproximada de 122 m\u00b2, en dos etapas, para asegurar la continuidad del servicio durante el plazo estimado de 120 d\u00edas.<\/p>\n\n\n\n<p><img loading=\"lazy\" decoding=\"async\" height=\"16\" width=\"16\" alt=\"\u2705\ufe0f\" src=\"https:\/\/static.xx.fbcdn.net\/images\/emoji.php\/v9\/t33\/1\/16\/2705.png\"><img loading=\"lazy\" decoding=\"async\" height=\"16\" width=\"16\" alt=\"\ud83d\ude4c\" src=\"https:\/\/static.xx.fbcdn.net\/images\/emoji.php\/v9\/tfd\/1\/16\/1f64c.png\"> Esta obra representa un paso fundamental en el compromiso permanente de mejorar la infraestructura hospitalaria y fortalecer el sistema de salud p\u00fablica, en beneficio de toda la comunidad.<\/p>\n\n\n\n<p>El inicio de la obra fue acompa\u00f1ado por una bendici\u00f3n, compartida junto al personal del hospital, los obreros a cargo de los trabajos y autoridades de CAFESG, en un momento de encuentro y reflexi\u00f3n que marc\u00f3 simb\u00f3licamente el comienzo de esta importante intervenci\u00f3n para la instituci\u00f3n.<\/p>\n","protected":false},"excerpt":{"rendered":"<p>Desde el Hospital San Jos\u00e9 de Federaci\u00f3n informamos con gran alegr\u00eda que este lunes dio inicio la obra de remodelaci\u00f3n y modernizaci\u00f3n de la cocina, una intervenci\u00f3n clave para fortalecer la infraestructura sanitaria y mejorar la calidad del servicio que se brinda a pacientes y trabajadores. La obra, gestionada por la Direcci\u00f3n del Hospital a [&hellip;]<\/p>\n","protected":false},"author":2,"featured_media":6633,"comment_status":"closed","ping_status":"closed","sticky":false,"template":"","format":"standard","meta":{"_et_pb_use_builder":"","_et_pb_old_content":"","footnotes":""},"categories":[1],"tags":[],"class_list":["post-6632","post","type-post","status-publish","format-standard","has-post-thumbnail","hentry","category-sin-categoria"],"_links":{"self":[{"href":"https:\/\/diarioelfederaense.com.ar\/index.php?rest_route=\/wp\/v2\/posts\/6632"}],"collection":[{"href":"https:\/\/diarioelfederaense.com.ar\/index.php?rest_route=\/wp\/v2\/posts"}],"about":[{"href":"https:\/\/diarioelfederaense.com.ar\/index.php?rest_route=\/wp\/v2\/types\/post"}],"author":[{"embeddable":true,"href":"https:\/\/diarioelfederaense.com.ar\/index.php?rest_route=\/wp\/v2\/users\/2"}],"replies":[{"embeddable":true,"href":"https:\/\/diarioelfederaense.com.ar\/index.php?rest_route=%2Fwp%2Fv2%2Fcomments&post=6632"}],"version-history":[{"count":1,"href":"https:\/\/diarioelfederaense.com.ar\/index.php?rest_route=\/wp\/v2\/posts\/6632\/revisions"}],"predecessor-version":[{"id":6634,"href":"https:\/\/diarioelfederaense.com.ar\/index.php?rest_route=\/wp\/v2\/posts\/6632\/revisions\/6634"}],"wp:featuredmedia":[{"embeddable":true,"href":"https:\/\/diarioelfederaense.com.ar\/index.php?rest_route=\/wp\/v2\/media\/6633"}],"wp:attachment":[{"href":"https:\/\/diarioelfederaense.com.ar\/index.php?rest_route=%2Fwp%2Fv2%2Fmedia&parent=6632"}],"wp:term":[{"taxonomy":"category","embeddable":true,"href":"https:\/\/diarioelfederaense.com.ar\/index.php?rest_route=%2Fwp%2Fv2%2Fcategories&post=6632"},{"taxonomy":"post_tag","embeddable":true,"href":"https:\/\/diarioelfederaense.com.ar\/index.php?rest_route=%2Fwp%2Fv2%2Ftags&post=6632"}],"curies":[{"name":"wp","href":"https:\/\/api.w.org\/{rel}","templated":true}]}}