{"id":6626,"date":"2026-01-13T07:10:28","date_gmt":"2026-01-13T10:10:28","guid":{"rendered":"https:\/\/diarioelfederaense.com.ar\/?p=6626"},"modified":"2026-01-13T07:10:29","modified_gmt":"2026-01-13T10:10:29","slug":"timidamente-se-realizan-trabajos-de-mantenimiento-en-la-autovia-del-mercosur","status":"publish","type":"post","link":"https:\/\/diarioelfederaense.com.ar\/?p=6626","title":{"rendered":"T\u00edmidamente se realizan trabajos de mantenimiento en la Autov\u00eda del Mercosur"},"content":{"rendered":"\n<p>Con el inicio de una nueva semana, contin\u00faan las tareas de mantenimiento  de la Autov\u00eda del Mercosur, con el objetivo de mejorar la seguridad y las condiciones de transitabilidad en uno de los corredores viales m\u00e1s importantes de la regi\u00f3n.<\/p>\n\n\n\n<p><\/p>\n\n\n\n<p>Los trabajos incluyen tareas de bacheo, mejoramiento de losas de hormig\u00f3n, corte de pasto y mantenimiento general de banquinas a lo largo de distintos tramos de la autov\u00eda. Estas acciones forman parte de un plan integral destinado a optimizar el estado de la calzada y su entorno, luego del regreso del cobro del peaje.<\/p>\n\n\n\n<p>Asimismo, se est\u00e1n llevando adelante tareas de reconstrucci\u00f3n de sectores de hormig\u00f3n deteriorado, junto con mejoras en la estructura edilicia de las estaciones de peaje, buscando garantizar un mejor servicio y mayor seguridad tanto para los usuarios como para el personal que all\u00ed se desempe\u00f1a.<\/p>\n\n\n\n<p>En paralelo, se ejecutan intervenciones espec\u00edficas en las banquinas, especialmente en el sector inferior de las barandas, con el objetivo de facilitar el drenaje del agua sobre la calzada en puntos considerados neur\u00e1lgicos, detectados durante los \u00faltimos d\u00edas de intensas lluvias.<\/p>\n\n\n\n<p>Desde el \u00e1rea responsable de las obras se solicit\u00f3 a los conductores circular con precauci\u00f3n por las zonas donde se desarrollan los trabajos y respetar la se\u00f1alizaci\u00f3n dispuesta, a fin de resguardar la seguridad vial y la integridad del personal que se encuentra trabajando en el lugar.<\/p>\n","protected":false},"excerpt":{"rendered":"<p>Con el inicio de una nueva semana, contin\u00faan las tareas de mantenimiento de la Autov\u00eda del Mercosur, con el objetivo de mejorar la seguridad y las condiciones de transitabilidad en uno de los corredores viales m\u00e1s importantes de la regi\u00f3n. Los trabajos incluyen tareas de bacheo, mejoramiento de losas de hormig\u00f3n, corte de pasto y [&hellip;]<\/p>\n","protected":false},"author":2,"featured_media":6627,"comment_status":"closed","ping_status":"closed","sticky":false,"template":"","format":"standard","meta":{"_et_pb_use_builder":"","_et_pb_old_content":"","footnotes":""},"categories":[1],"tags":[],"class_list":["post-6626","post","type-post","status-publish","format-standard","has-post-thumbnail","hentry","category-sin-categoria"],"_links":{"self":[{"href":"https:\/\/diarioelfederaense.com.ar\/index.php?rest_route=\/wp\/v2\/posts\/6626"}],"collection":[{"href":"https:\/\/diarioelfederaense.com.ar\/index.php?rest_route=\/wp\/v2\/posts"}],"about":[{"href":"https:\/\/diarioelfederaense.com.ar\/index.php?rest_route=\/wp\/v2\/types\/post"}],"author":[{"embeddable":true,"href":"https:\/\/diarioelfederaense.com.ar\/index.php?rest_route=\/wp\/v2\/users\/2"}],"replies":[{"embeddable":true,"href":"https:\/\/diarioelfederaense.com.ar\/index.php?rest_route=%2Fwp%2Fv2%2Fcomments&post=6626"}],"version-history":[{"count":1,"href":"https:\/\/diarioelfederaense.com.ar\/index.php?rest_route=\/wp\/v2\/posts\/6626\/revisions"}],"predecessor-version":[{"id":6628,"href":"https:\/\/diarioelfederaense.com.ar\/index.php?rest_route=\/wp\/v2\/posts\/6626\/revisions\/6628"}],"wp:featuredmedia":[{"embeddable":true,"href":"https:\/\/diarioelfederaense.com.ar\/index.php?rest_route=\/wp\/v2\/media\/6627"}],"wp:attachment":[{"href":"https:\/\/diarioelfederaense.com.ar\/index.php?rest_route=%2Fwp%2Fv2%2Fmedia&parent=6626"}],"wp:term":[{"taxonomy":"category","embeddable":true,"href":"https:\/\/diarioelfederaense.com.ar\/index.php?rest_route=%2Fwp%2Fv2%2Fcategories&post=6626"},{"taxonomy":"post_tag","embeddable":true,"href":"https:\/\/diarioelfederaense.com.ar\/index.php?rest_route=%2Fwp%2Fv2%2Ftags&post=6626"}],"curies":[{"name":"wp","href":"https:\/\/api.w.org\/{rel}","templated":true}]}}