{"id":6621,"date":"2026-01-12T09:05:32","date_gmt":"2026-01-12T12:05:32","guid":{"rendered":"https:\/\/diarioelfederaense.com.ar\/?p=6621"},"modified":"2026-01-12T09:06:27","modified_gmt":"2026-01-12T12:06:27","slug":"ricardo-bravo-destaco-el-exito-de-la-fiesta-nacional-del-algo","status":"publish","type":"post","link":"https:\/\/diarioelfederaense.com.ar\/?p=6621","title":{"rendered":"RICARDO BRAVO DESTAC\u00d3 EL \u00c9XITO DE LA FIESTA NACIONAL DEL LAGO"},"content":{"rendered":"\n<p><a><\/a>\u00abCulminamos con gran \u00e9xito una nueva edici\u00f3n de la Fiesta Nacional del Lago.<\/p>\n\n\n\n<p>Un logro colectivo que refleja el esfuerzo de la comisi\u00f3n, trabajadores, vecinos, emprendedores y el acompa\u00f1amiento de turistas.<\/p>\n\n\n\n<p>Una edici\u00f3n que nos llena de orgullo y que posiciona a Federaci\u00f3n en todo el pa\u00eds.\u201d<\/p>\n\n\n\n<p>Gracias, hasta la pr\u00f3xima <img loading=\"lazy\" decoding=\"async\" height=\"16\" width=\"16\" alt=\"\u2764\ufe0f\" src=\"https:\/\/static.xx.fbcdn.net\/images\/emoji.php\/v9\/t6c\/1\/16\/2764.png\">.\u00bb<\/p>\n","protected":false},"excerpt":{"rendered":"<p>\u00abCulminamos con gran \u00e9xito una nueva edici\u00f3n de la Fiesta Nacional del Lago. Un logro colectivo que refleja el esfuerzo de la comisi\u00f3n, trabajadores, vecinos, emprendedores y el acompa\u00f1amiento de turistas. Una edici\u00f3n que nos llena de orgullo y que posiciona a Federaci\u00f3n en todo el pa\u00eds.\u201d Gracias, hasta la pr\u00f3xima .\u00bb<\/p>\n","protected":false},"author":2,"featured_media":6622,"comment_status":"closed","ping_status":"closed","sticky":false,"template":"","format":"standard","meta":{"_et_pb_use_builder":"","_et_pb_old_content":"","footnotes":""},"categories":[1],"tags":[],"class_list":["post-6621","post","type-post","status-publish","format-standard","has-post-thumbnail","hentry","category-sin-categoria"],"_links":{"self":[{"href":"https:\/\/diarioelfederaense.com.ar\/index.php?rest_route=\/wp\/v2\/posts\/6621"}],"collection":[{"href":"https:\/\/diarioelfederaense.com.ar\/index.php?rest_route=\/wp\/v2\/posts"}],"about":[{"href":"https:\/\/diarioelfederaense.com.ar\/index.php?rest_route=\/wp\/v2\/types\/post"}],"author":[{"embeddable":true,"href":"https:\/\/diarioelfederaense.com.ar\/index.php?rest_route=\/wp\/v2\/users\/2"}],"replies":[{"embeddable":true,"href":"https:\/\/diarioelfederaense.com.ar\/index.php?rest_route=%2Fwp%2Fv2%2Fcomments&post=6621"}],"version-history":[{"count":2,"href":"https:\/\/diarioelfederaense.com.ar\/index.php?rest_route=\/wp\/v2\/posts\/6621\/revisions"}],"predecessor-version":[{"id":6625,"href":"https:\/\/diarioelfederaense.com.ar\/index.php?rest_route=\/wp\/v2\/posts\/6621\/revisions\/6625"}],"wp:featuredmedia":[{"embeddable":true,"href":"https:\/\/diarioelfederaense.com.ar\/index.php?rest_route=\/wp\/v2\/media\/6622"}],"wp:attachment":[{"href":"https:\/\/diarioelfederaense.com.ar\/index.php?rest_route=%2Fwp%2Fv2%2Fmedia&parent=6621"}],"wp:term":[{"taxonomy":"category","embeddable":true,"href":"https:\/\/diarioelfederaense.com.ar\/index.php?rest_route=%2Fwp%2Fv2%2Fcategories&post=6621"},{"taxonomy":"post_tag","embeddable":true,"href":"https:\/\/diarioelfederaense.com.ar\/index.php?rest_route=%2Fwp%2Fv2%2Ftags&post=6621"}],"curies":[{"name":"wp","href":"https:\/\/api.w.org\/{rel}","templated":true}]}}