{"id":6618,"date":"2026-01-12T08:05:59","date_gmt":"2026-01-12T11:05:59","guid":{"rendered":"https:\/\/diarioelfederaense.com.ar\/?p=6618"},"modified":"2026-01-12T08:06:00","modified_gmt":"2026-01-12T11:06:00","slug":"en-caida-libre-la-economia-productiva-pide-un-plan","status":"publish","type":"post","link":"https:\/\/diarioelfederaense.com.ar\/?p=6618","title":{"rendered":"En ca\u00edda libre, la econom\u00eda productiva pide un plan"},"content":{"rendered":"\n<p><\/p>\n\n\n\n<p><\/p>\n\n\n\n<blockquote class=\"wp-block-quote is-layout-flow wp-block-quote-is-layout-flow\">\n<p>La producci\u00f3n industrial cae y con ella tambi\u00e9n los puestos de trabajo registrados, los de m\u00e1s calidad. (Foto: infogremiales)<\/p>\n<\/blockquote>\n\n\n\n<h5 class=\"wp-block-heading\"><\/h5>\n\n\n\n<p><a href=\"https:\/\/www.facebook.com\/sharer\/sharer.php?u=https:\/\/www.analisisdigital.com.ar\/opinion\/2026\/01\/10\/en-caida-libre-la-economia-productiva-pide-un-plan&amp;title=En%20ca%C3%ADda%20libre,%20la%20econom%C3%ADa%20productiva%20pide%20un%20plan\" target=\"_blank\" rel=\"noreferrer noopener\"><\/a><a href=\"https:\/\/twitter.com\/intent\/tweet?text=En%20ca%C3%ADda%20libre,%20la%20econom%C3%ADa%20productiva%20pide%20un%20plan+https:\/\/www.analisisdigital.com.ar\/opinion\/2026\/01\/10\/en-caida-libre-la-economia-productiva-pide-un-plan\" target=\"_blank\" rel=\"noreferrer noopener\"><\/a><a href=\"https:\/\/wa.me\/?text=https:\/\/www.analisisdigital.com.ar\/opinion\/2026\/01\/10\/en-caida-libre-la-economia-productiva-pide-un-plan\" target=\"_blank\" rel=\"noreferrer noopener\"><\/a><a href=\"https:\/\/www.linkedin.com\/sharing\/share-offsite\/?url=https:\/\/www.analisisdigital.com.ar\/opinion\/2026\/01\/10\/en-caida-libre-la-economia-productiva-pide-un-plan\" target=\"_blank\" rel=\"noreferrer noopener\"><\/a><a href=\"mailto:?subject=En%20ca%C3%ADda%20libre,%20la%20econom%C3%ADa%20productiva%20pide%20un%20plan&amp;body=https:\/\/www.analisisdigital.com.ar\/opinion\/2026\/01\/10\/en-caida-libre-la-economia-productiva-pide-un-plan\" target=\"_blank\" rel=\"noreferrer noopener\"><\/a><a href=\"https:\/\/www.analisisdigital.com.ar\/opinion\/2026\/01\/10\/en-caida-libre-la-economia-productiva-pide-un-plan#\"><\/a><a href=\"javascript:window.print()\"><\/a><\/p>\n\n\n\n<p>La industria manufacturera es una actividad que, en una definici\u00f3n b\u00e1sica y simplificada, transforma materiales y materias primas en productos terminados, por lo general a gran escala: van desde autom\u00f3viles, alimentos y equipos el\u00e9ctricos o electr\u00f3nicos hasta \u00fatiles escolares y muebles. Ese sector, que a la vez expresa el grado de desarrollo de los pa\u00edses y fogonea empleo generalmente de calidad, abundante y bien pago, en la Argentina representa o representaba alrededor del 18% del PBI, cerca del 20% de la actividad productiva si se prefiere.<\/p>\n\n\n\n<p>De eso tambi\u00e9n hablamos cuando decimos que la industria viene barranca abajo poco menos que desde el arranque de 2024; esto es, acumula casi un a\u00f1o completo en el tobog\u00e1n sin respiro o un a\u00f1o largo computando los cinco meses en rojo que se han anotado durante 2025. Puesta de otra manera, la suma da que una pieza clave en el crecimiento econ\u00f3mico y el propio crecimiento econ\u00f3mico empiezan a atrasar peligrosamente.<\/p>\n\n\n\n<p>Y muy peligrosamente, si la comparaci\u00f3n se hace aplicando el PBI industrial por habitante: entonces, ese contraste canta 30% en los a\u00f1os 70 contra el 18% de 2025.<\/p>\n\n\n\n<p>En esta secuencia de afirmaci\u00f3n y prueba, los \u00faltimos datos del Centro de Estudios de la Uni\u00f3n Industrial (CEU-UIA) basados en cifras de la Secretar\u00eda de Trabajo cuentan que entre agosto de 2023 y septiembre de 2025 se perdieron 52.285 puestos de trabajo registrados en la industria. Empleos en blanco, con aportes jubilatorios y coberturas laborales y sociales de los que escasean en este territorio donde hoy abunda todo lo contrario; para el caso, trabajo en negro sin coberturas b\u00e1sicas ni vacaciones pagas ni indemnizaciones por despido.<\/p>\n\n\n\n<p>La lista de especies de la misma especie contin\u00faa con la construcci\u00f3n, una actividad que se fue desplomando desde el 24,1% al que crec\u00eda en noviembre de 2023 hasta el 4,1% que marc\u00f3 en noviembre del 25: se esfumaron nada menos que 20 puntos porcentuales, que es como decir casi todo el crecimiento nominal previo.<\/p>\n\n\n\n<p>Mucho m\u00e1s que n\u00fameros, traducida a personas de carne y hueso y seg\u00fan informes del Centro de Estudios de la UIA, la diferencia de 20 puntos significa que desaparecieron 88.800 fuentes de trabajo, formales y en blanco nuevamente. O que casi 90.000 personas perdieron empleos y salarios que cuesta mucho recuperar.<\/p>\n\n\n\n<p>Est\u00e1 claro a esta altura de la historia que si los n\u00fameros abruman es porque la realidad abruma. Y por si hace falta decirlo, tambi\u00e9n est\u00e1 claro que la industria, la construcci\u00f3n y de paso el comercio \u2013el 50% del PBI\u2014piden un plan productivo, o sea, algo m\u00e1s que la empe\u00f1osa, reiterada elaboraci\u00f3n de paquetes financieros para seguir corriendo el arco de la deuda sin correrlo por completo. Finalmente, con un poco de ingenio, trabajo y decisi\u00f3n es posible hacer convivir ambas cosas, pues si algo no falta en el gobierno libertario son economistas con a\u00f1os de economistas.<\/p>\n\n\n\n<p>Eso s\u00ed, tampoco falta el siempre a mano relato alentador, pretencioso y al fin bastante improductivo en los hechos. Ha dicho no hace mucho Jos\u00e9 Luis Daza, el segundo del ministro Luis Caputo: \u201cEl 2026 ser\u00e1 el mejor a\u00f1o en d\u00e9cadas. Y no s\u00f3lo porque ser\u00e1 crecimiento con cuentas macroecon\u00f3micas equilibradas, lo que lo hace sostenible&#8230;\u201d<\/p>\n\n\n\n<p>M\u00e1s ac\u00e1 en el tiempo, el propio Caputo remat\u00f3 con el mismo libreto: \u201cSe viene un a\u00f1o de una reactivaci\u00f3n fuerte. Estamos cambiando un modelo que era un c\u00edrculo vicioso y ya hicimos la parte m\u00e1s dif\u00edcil&#8230;\u201d.<\/p>\n\n\n\n<p>Todo muy auspicioso. Solo falta que sea cierto y que no todo termine en la consigna de \u201cajustarse el cintur\u00f3n\u201d que a veces se le escapa al ministro y repiquetea de p\u00e1gina en p\u00e1gina en las planillas del Presupuesto Nacional de 2026.<\/p>\n\n\n\n<p>\u00daltimo dato para este bolet\u00edn, tambi\u00e9n de fuente oficial: la intermediaci\u00f3n financiera crece al 22,8%.<\/p>\n\n\n\n<p>(*) Clar\u00edn&nbsp;<\/p>\n","protected":false},"excerpt":{"rendered":"<p>La producci\u00f3n industrial cae y con ella tambi\u00e9n los puestos de trabajo registrados, los de m\u00e1s calidad. (Foto: infogremiales) La industria manufacturera es una actividad que, en una definici\u00f3n b\u00e1sica y simplificada, transforma materiales y materias primas en productos terminados, por lo general a gran escala: van desde autom\u00f3viles, alimentos y equipos el\u00e9ctricos o electr\u00f3nicos [&hellip;]<\/p>\n","protected":false},"author":2,"featured_media":6619,"comment_status":"closed","ping_status":"closed","sticky":false,"template":"","format":"standard","meta":{"_et_pb_use_builder":"","_et_pb_old_content":"","footnotes":""},"categories":[1],"tags":[],"class_list":["post-6618","post","type-post","status-publish","format-standard","has-post-thumbnail","hentry","category-sin-categoria"],"_links":{"self":[{"href":"https:\/\/diarioelfederaense.com.ar\/index.php?rest_route=\/wp\/v2\/posts\/6618"}],"collection":[{"href":"https:\/\/diarioelfederaense.com.ar\/index.php?rest_route=\/wp\/v2\/posts"}],"about":[{"href":"https:\/\/diarioelfederaense.com.ar\/index.php?rest_route=\/wp\/v2\/types\/post"}],"author":[{"embeddable":true,"href":"https:\/\/diarioelfederaense.com.ar\/index.php?rest_route=\/wp\/v2\/users\/2"}],"replies":[{"embeddable":true,"href":"https:\/\/diarioelfederaense.com.ar\/index.php?rest_route=%2Fwp%2Fv2%2Fcomments&post=6618"}],"version-history":[{"count":1,"href":"https:\/\/diarioelfederaense.com.ar\/index.php?rest_route=\/wp\/v2\/posts\/6618\/revisions"}],"predecessor-version":[{"id":6620,"href":"https:\/\/diarioelfederaense.com.ar\/index.php?rest_route=\/wp\/v2\/posts\/6618\/revisions\/6620"}],"wp:featuredmedia":[{"embeddable":true,"href":"https:\/\/diarioelfederaense.com.ar\/index.php?rest_route=\/wp\/v2\/media\/6619"}],"wp:attachment":[{"href":"https:\/\/diarioelfederaense.com.ar\/index.php?rest_route=%2Fwp%2Fv2%2Fmedia&parent=6618"}],"wp:term":[{"taxonomy":"category","embeddable":true,"href":"https:\/\/diarioelfederaense.com.ar\/index.php?rest_route=%2Fwp%2Fv2%2Fcategories&post=6618"},{"taxonomy":"post_tag","embeddable":true,"href":"https:\/\/diarioelfederaense.com.ar\/index.php?rest_route=%2Fwp%2Fv2%2Ftags&post=6618"}],"curies":[{"name":"wp","href":"https:\/\/api.w.org\/{rel}","templated":true}]}}