{"id":6613,"date":"2026-01-12T07:39:46","date_gmt":"2026-01-12T10:39:46","guid":{"rendered":"https:\/\/diarioelfederaense.com.ar\/?p=6613"},"modified":"2026-01-12T07:42:37","modified_gmt":"2026-01-12T10:42:37","slug":"al-ritmo-de-ke-personajes-la-fiesta-nacional-del-lago-concluyo-la-42o-edicion","status":"publish","type":"post","link":"https:\/\/diarioelfederaense.com.ar\/?p=6613","title":{"rendered":"Al ritmo de Ke Personajes, la Fiesta Nacional del Lago concluy\u00f3 la 42\u00ba edici\u00f3n"},"content":{"rendered":"\n<h2 class=\"wp-block-heading\">Federaci\u00f3n volvi\u00f3 a tener una gran convocatoria para cerrar la Fiesta Nacional del Lago, que en esta oportunidad tuvo a Ke Personajes. <\/h2>\n\n\n\n<p>La&nbsp;<strong>Fiesta Nacional del Lago<\/strong>&nbsp;volvi\u00f3 a ser protagonista del verano entrerriano con un cierre a pura m\u00fasica y emoci\u00f3n en la ciudad de Federaci\u00f3n. Miles de personas se congregaron para disfrutar de la \u00faltima noche de la 42\u00aa edici\u00f3n, que tuvo como n\u00famero central a la reconocida banda&nbsp;<strong>Ke Personajes<\/strong>, una de las m\u00e1s convocantes del pa\u00eds.<\/p>\n\n\n\n<p>El evento reafirm\u00f3 su lugar como una de las celebraciones m\u00e1s importantes de la provincia, combinando espect\u00e1culos musicales, identidad local y el atractivo tur\u00edstico que caracteriza a Federaci\u00f3n. Durante varias jornadas, vecinos y turistas acompa\u00f1aron las distintas propuestas que ofreci\u00f3 la&nbsp;<strong>Fiesta Nacional del Lago<\/strong>.<\/p>\n\n\n\n<p><\/p>\n\n\n\n<figure class=\"wp-block-image\"><img decoding=\"async\" src=\"https:\/\/elonce-media.elonce.com\/fotos\/2026\/01\/12\/e_1768191781_9299.webp\" alt=\"Foto: Fernando Rigoni.\"\/><figcaption class=\"wp-element-caption\">Foto: Fernando Rigoni.<\/figcaption><\/figure>\n\n\n\n<figure class=\"wp-block-image\"><img decoding=\"async\" src=\"https:\/\/elonce-media.elonce.com\/fotos\/2026\/01\/11\/e_1768184959_96529.webp\" alt=\"Foto: Elonce.\"\/><figcaption class=\"wp-element-caption\">Foto: Elonce.<\/figcaption><\/figure>\n\n\n\n<p>Elonce estuvo presente en la noche de cierre y registr\u00f3 el clima festivo que se vivi\u00f3 desde las primeras horas de la tarde, con familias y grupos de amigos que se acercaron al predio para despedir una nueva edici\u00f3n de esta tradicional fiesta.<\/p>\n\n\n\n<figure class=\"wp-block-image\"><img decoding=\"async\" src=\"https:\/\/elonce-media.elonce.com\/fotos\/2026\/01\/12\/e_1768191781_63844.webp\" alt=\"Foto: Elonce.\"\/><figcaption class=\"wp-element-caption\">Foto: Elonce.<\/figcaption><\/figure>\n\n\n\n<figure class=\"wp-block-image\"><img decoding=\"async\" src=\"https:\/\/elonce-media.elonce.com\/fotos\/2026\/01\/11\/e_1768184959_35510.webp\" alt=\"Foto: Elonce.\"\/><figcaption class=\"wp-element-caption\">Foto: Elonce.<\/figcaption><\/figure>\n\n\n\n<p><\/p>\n\n\n\n<h3 class=\"wp-block-heading\">Un cierre musical que hizo vibrar al p\u00fablico<\/h3>\n\n\n\n<p><\/p>\n\n\n\n<p>Ke Personajes fue el encargado de ponerle el broche de oro a la&nbsp;<strong>Fiesta Nacional del Lago<\/strong>. Con un repertorio cargado de \u00e9xitos y un fuerte ida y vuelta con el p\u00fablico, la banda logr\u00f3 que el predio se transformara en una verdadera celebraci\u00f3n colectiva.<\/p>\n\n\n\n<figure class=\"wp-block-image\"><img decoding=\"async\" src=\"https:\/\/elonce-media.elonce.com\/fotos\/2026\/01\/12\/e_1768191781_19840.webp\" alt=\"Foto: Fernando Rigoni.\"\/><figcaption class=\"wp-element-caption\">Foto: Fernando Rigoni.<\/figcaption><\/figure>\n\n\n\n<figure class=\"wp-block-image\"><img decoding=\"async\" src=\"https:\/\/elonce-media.elonce.com\/fotos\/2026\/01\/11\/e_1768184959_43170.webp\" alt=\"Foto: Elonce.\"\/><figcaption class=\"wp-element-caption\">Foto: Elonce.<\/figcaption><\/figure>\n\n\n\n<p>Desde los primeros acordes, los asistentes acompa\u00f1aron con palmas, cantos y baile, generando un marco imponente que reflej\u00f3 la magnitud del evento. La presentaci\u00f3n fue uno de los momentos m\u00e1s esperados de la edici\u00f3n y no defraud\u00f3 a los miles de seguidores que llegaron desde distintos puntos de la regi\u00f3n.<\/p>\n\n\n\n<figure class=\"wp-block-image\"><img decoding=\"async\" src=\"https:\/\/elonce-media.elonce.com\/fotos\/2026\/01\/12\/e_1768191781_82586.webp\" alt=\"Foto: Fernando Rigoni.\"\/><figcaption class=\"wp-element-caption\">Foto: Fernando Rigoni.<\/figcaption><\/figure>\n\n\n\n<figure class=\"wp-block-image\"><img decoding=\"async\" src=\"https:\/\/elonce-media.elonce.com\/fotos\/2026\/01\/11\/e_1768184959_27498.webp\" alt=\"Foto: Elonce.\"\/><figcaption class=\"wp-element-caption\">Foto: Elonce.<\/figcaption><\/figure>\n\n\n\n<p>El show consolid\u00f3 el perfil popular de la fiesta y ratific\u00f3 la apuesta de la organizaci\u00f3n por artistas de alcance nacional, capaces de atraer a un p\u00fablico diverso y fortalecer el impacto tur\u00edstico del evento.<\/p>\n\n\n\n<p>elonce<\/p>\n","protected":false},"excerpt":{"rendered":"<p>Federaci\u00f3n volvi\u00f3 a tener una gran convocatoria para cerrar la Fiesta Nacional del Lago, que en esta oportunidad tuvo a Ke Personajes. La&nbsp;Fiesta Nacional del Lago&nbsp;volvi\u00f3 a ser protagonista del verano entrerriano con un cierre a pura m\u00fasica y emoci\u00f3n en la ciudad de Federaci\u00f3n. Miles de personas se congregaron para disfrutar de la \u00faltima [&hellip;]<\/p>\n","protected":false},"author":2,"featured_media":6616,"comment_status":"closed","ping_status":"closed","sticky":false,"template":"","format":"standard","meta":{"_et_pb_use_builder":"","_et_pb_old_content":"","footnotes":""},"categories":[1],"tags":[],"class_list":["post-6613","post","type-post","status-publish","format-standard","has-post-thumbnail","hentry","category-sin-categoria"],"_links":{"self":[{"href":"https:\/\/diarioelfederaense.com.ar\/index.php?rest_route=\/wp\/v2\/posts\/6613"}],"collection":[{"href":"https:\/\/diarioelfederaense.com.ar\/index.php?rest_route=\/wp\/v2\/posts"}],"about":[{"href":"https:\/\/diarioelfederaense.com.ar\/index.php?rest_route=\/wp\/v2\/types\/post"}],"author":[{"embeddable":true,"href":"https:\/\/diarioelfederaense.com.ar\/index.php?rest_route=\/wp\/v2\/users\/2"}],"replies":[{"embeddable":true,"href":"https:\/\/diarioelfederaense.com.ar\/index.php?rest_route=%2Fwp%2Fv2%2Fcomments&post=6613"}],"version-history":[{"count":1,"href":"https:\/\/diarioelfederaense.com.ar\/index.php?rest_route=\/wp\/v2\/posts\/6613\/revisions"}],"predecessor-version":[{"id":6614,"href":"https:\/\/diarioelfederaense.com.ar\/index.php?rest_route=\/wp\/v2\/posts\/6613\/revisions\/6614"}],"wp:featuredmedia":[{"embeddable":true,"href":"https:\/\/diarioelfederaense.com.ar\/index.php?rest_route=\/wp\/v2\/media\/6616"}],"wp:attachment":[{"href":"https:\/\/diarioelfederaense.com.ar\/index.php?rest_route=%2Fwp%2Fv2%2Fmedia&parent=6613"}],"wp:term":[{"taxonomy":"category","embeddable":true,"href":"https:\/\/diarioelfederaense.com.ar\/index.php?rest_route=%2Fwp%2Fv2%2Fcategories&post=6613"},{"taxonomy":"post_tag","embeddable":true,"href":"https:\/\/diarioelfederaense.com.ar\/index.php?rest_route=%2Fwp%2Fv2%2Ftags&post=6613"}],"curies":[{"name":"wp","href":"https:\/\/api.w.org\/{rel}","templated":true}]}}