{"id":6610,"date":"2026-01-09T20:39:03","date_gmt":"2026-01-09T23:39:03","guid":{"rendered":"https:\/\/diarioelfederaense.com.ar\/?p=6610"},"modified":"2026-01-09T20:39:04","modified_gmt":"2026-01-09T23:39:04","slug":"suspendieron-la-jornada-del-viernes-en-la-fiesta-nacional-del-lago-por-condiciones-climaticas-adversas","status":"publish","type":"post","link":"https:\/\/diarioelfederaense.com.ar\/?p=6610","title":{"rendered":"Suspendieron la jornada del viernes en la Fiesta Nacional del Lago por condiciones clim\u00e1ticas adversas"},"content":{"rendered":"\n<p><a><\/a>Pasado el mediod\u00eda de este viernes, la organizaci\u00f3n de la 42\u00aa Fiesta Nacional del Lago, que se desarrolla en la ciudad de Federaci\u00f3n, resolvi\u00f3 suspender todas las actividades previstas para la fecha debido al mal tiempo que afecta a la regi\u00f3n.<\/p>\n\n\n\n<p>La organizaci\u00f3n de la 42\u00aa edici\u00f3n de la Fiesta Nacional del Lago inform\u00f3 que, como consecuencia de las condiciones clim\u00e1ticas adversas registradas en la regi\u00f3n, se tom\u00f3 la decisi\u00f3n de suspender la totalidad de las actividades previstas para este viernes. La medida fue adoptada pasado el mediod\u00eda, priorizando la seguridad del p\u00fablico, los artistas y el personal afectado al evento.<\/p>\n\n\n\n<p>En ese marco, se confirm\u00f3 que todos los n\u00fameros art\u00edsticos programados para la jornada suspendida ser\u00e1n reprogramados para ma\u00f1ana s\u00e1bado. De esta manera, el fin de semana contar\u00e1 con una grilla m\u00e1s extensa de espect\u00e1culos, permitiendo adem\u00e1s dar respuesta a quienes hab\u00edan adquirido entradas anticipadas.<\/p>\n\n\n\n<p>Desde la organizaci\u00f3n se aclar\u00f3 que las entradas correspondientes a la noche del viernes, al igual que la adquisici\u00f3n de sillas, mantendr\u00e1n plena validez para el s\u00e1bado, garantizando el acceso a todos los shows originalmente previstos sin necesidad de realizar ning\u00fan tr\u00e1mite adicional.<\/p>\n\n\n\n<p>Actividades<\/p>\n\n\n\n<p>Entre los artistas que pasar\u00e1n a presentarse ma\u00f1ana se encuentran Axel, El Vikingo Correa y otros n\u00fameros que se sumar\u00e1n a una cartelera de primer nivel, en la que tambi\u00e9n se destacan figuras de gran convocatoria como Damas Gratis.<\/p>\n\n\n\n<p>Finalmente, las autoridades municipales recomendaron al p\u00fablico mantenerse informado a trav\u00e9s de los canales oficiales ante posibles novedades relacionadas con el desarrollo de la Fiesta Nacional del Lago y la evoluci\u00f3n de las condiciones clim\u00e1ticas.<\/p>\n\n\n\n<p>La Fiesta Nacional del Lago no es solo m\u00fasica, tambi\u00e9n conjuga propuestas recreativas, actividades n\u00e1uticas en el entorno del lago de Salto Grande y propuestas culturales que posicionan a Federaci\u00f3n como un destino destacado del calendario tur\u00edstico de enero, en sinton\u00eda con otras celebraciones populares de la provincia.<\/p>\n","protected":false},"excerpt":{"rendered":"<p>Pasado el mediod\u00eda de este viernes, la organizaci\u00f3n de la 42\u00aa Fiesta Nacional del Lago, que se desarrolla en la ciudad de Federaci\u00f3n, resolvi\u00f3 suspender todas las actividades previstas para la fecha debido al mal tiempo que afecta a la regi\u00f3n. La organizaci\u00f3n de la 42\u00aa edici\u00f3n de la Fiesta Nacional del Lago inform\u00f3 que, [&hellip;]<\/p>\n","protected":false},"author":2,"featured_media":6611,"comment_status":"closed","ping_status":"closed","sticky":false,"template":"","format":"standard","meta":{"_et_pb_use_builder":"","_et_pb_old_content":"","footnotes":""},"categories":[1],"tags":[],"class_list":["post-6610","post","type-post","status-publish","format-standard","has-post-thumbnail","hentry","category-sin-categoria"],"_links":{"self":[{"href":"https:\/\/diarioelfederaense.com.ar\/index.php?rest_route=\/wp\/v2\/posts\/6610"}],"collection":[{"href":"https:\/\/diarioelfederaense.com.ar\/index.php?rest_route=\/wp\/v2\/posts"}],"about":[{"href":"https:\/\/diarioelfederaense.com.ar\/index.php?rest_route=\/wp\/v2\/types\/post"}],"author":[{"embeddable":true,"href":"https:\/\/diarioelfederaense.com.ar\/index.php?rest_route=\/wp\/v2\/users\/2"}],"replies":[{"embeddable":true,"href":"https:\/\/diarioelfederaense.com.ar\/index.php?rest_route=%2Fwp%2Fv2%2Fcomments&post=6610"}],"version-history":[{"count":1,"href":"https:\/\/diarioelfederaense.com.ar\/index.php?rest_route=\/wp\/v2\/posts\/6610\/revisions"}],"predecessor-version":[{"id":6612,"href":"https:\/\/diarioelfederaense.com.ar\/index.php?rest_route=\/wp\/v2\/posts\/6610\/revisions\/6612"}],"wp:featuredmedia":[{"embeddable":true,"href":"https:\/\/diarioelfederaense.com.ar\/index.php?rest_route=\/wp\/v2\/media\/6611"}],"wp:attachment":[{"href":"https:\/\/diarioelfederaense.com.ar\/index.php?rest_route=%2Fwp%2Fv2%2Fmedia&parent=6610"}],"wp:term":[{"taxonomy":"category","embeddable":true,"href":"https:\/\/diarioelfederaense.com.ar\/index.php?rest_route=%2Fwp%2Fv2%2Fcategories&post=6610"},{"taxonomy":"post_tag","embeddable":true,"href":"https:\/\/diarioelfederaense.com.ar\/index.php?rest_route=%2Fwp%2Fv2%2Ftags&post=6610"}],"curies":[{"name":"wp","href":"https:\/\/api.w.org\/{rel}","templated":true}]}}