{"id":6607,"date":"2026-01-09T07:45:01","date_gmt":"2026-01-09T10:45:01","guid":{"rendered":"https:\/\/diarioelfederaense.com.ar\/?p=6607"},"modified":"2026-01-09T20:38:27","modified_gmt":"2026-01-09T23:38:27","slug":"con-un-90-de-ocupacion-hotelera-y-anfiteatro-colmado-arranco-la-fiesta-nacional-del-lago-en-federacion","status":"publish","type":"post","link":"https:\/\/diarioelfederaense.com.ar\/?p=6607","title":{"rendered":"Con un 90% de ocupaci\u00f3n hotelera y anfiteatro colmado, arranc\u00f3 la Fiesta Nacional del Lago en Federaci\u00f3n"},"content":{"rendered":"\n<p><a><\/a>Con un marco imponente de p\u00fablico y un fuerte impacto tur\u00edstico, este jueves comenz\u00f3 la 42\u00aa edici\u00f3n de la Fiesta Nacional del Lago en la ciudad de Federaci\u00f3n. El evento, uno de los m\u00e1s convocantes del verano entrerriano, se extender\u00e1 hasta el pr\u00f3ximo domingo y ya registra un 90% de ocupaci\u00f3n hotelera, consolidando a la ciudad como uno de los destinos m\u00e1s elegidos de la temporada.<\/p>\n\n\n\n<p>El acto inaugural cont\u00f3 con la presencia de ediles y funcionarios locales, adem\u00e1s de los legisladores provinciales Gabriela Lena y Rub\u00e9n Dal Mol\u00edn, y Juan Arosti en representaci\u00f3n del Gobierno de Entre R\u00edos. Tras el tradicional ingreso de la imagen de la Virgen Mar\u00eda Inmaculada, se dio paso a los discursos oficiales que dejaron formalmente inaugurada la fiesta.<\/p>\n\n\n\n<p>En primer t\u00e9rmino, el secretario de Turismo, Ezequiel Marozzini, destac\u00f3 el esfuerzo realizado para conformar una de las grillas art\u00edsticas m\u00e1s importantes de la provincia. \u201cEsperamos que esta edici\u00f3n n\u00famero 42 salga en excelentes condiciones. Es mucho el trabajo que se ha hecho para lograr una de las mejores convocatorias del verano\u201d, se\u00f1al\u00f3. Adem\u00e1s, subray\u00f3 el impacto positivo en la actividad tur\u00edstica: \u201cFederaci\u00f3n cuenta con m\u00e1s del 90% de ocupaci\u00f3n este fin de semana, lo cual es muy importante para la ciudad y para que tengamos un verano que quede en el recuerdo de los federaenses\u201d.<\/p>\n\n\n\n<p>Luego fue el turno del intendente Ricardo Bravo, quien agradeci\u00f3 el acompa\u00f1amiento del Gobierno provincial y de todas las instituciones que hacen posible el evento. En su mensaje, remarc\u00f3 el valor identitario de la Fiesta Nacional del Lago: \u201cNo es una edici\u00f3n m\u00e1s ni una fiesta impuesta en el calendario. Esta celebraci\u00f3n forma parte de la identidad, de la historia y del sentimiento de nuestro pueblo\u201d.<\/p>\n\n\n\n<p>Bravo resalt\u00f3 el trabajo articulado entre el Municipio, las \u00e1reas de Turismo, los empleados municipales, las instituciones intermedias y el sector privado, lo que permiti\u00f3 concretar cuatro noches con un alto nivel art\u00edstico. \u201cFederaci\u00f3n se abraza con el lago para ofrecer no solo un espect\u00e1culo, sino tambi\u00e9n para mostrarse al turismo y convocar a visitantes que puedan disfrutar de todas las bondades que tiene nuestra ciudad\u201d, expres\u00f3.<\/p>\n\n\n\n<p>Finalmente, el jefe comunal invit\u00f3 a vecinos y turistas a vivir la fiesta con alegr\u00eda y emoci\u00f3n, deseando que todos se lleven una experiencia inolvidable. Con ese esp\u00edritu, dej\u00f3 oficialmente inaugurada la 42\u00aa Fiesta Nacional del Lago, una celebraci\u00f3n que vuelve a posicionar a Federaci\u00f3n como protagonista del verano entrerriano.<\/p>\n\n\n\n<p>Fuente: 7Paginas<\/p>\n","protected":false},"excerpt":{"rendered":"<p>Con un marco imponente de p\u00fablico y un fuerte impacto tur\u00edstico, este jueves comenz\u00f3 la 42\u00aa edici\u00f3n de la Fiesta Nacional del Lago en la ciudad de Federaci\u00f3n. El evento, uno de los m\u00e1s convocantes del verano entrerriano, se extender\u00e1 hasta el pr\u00f3ximo domingo y ya registra un 90% de ocupaci\u00f3n hotelera, consolidando a la [&hellip;]<\/p>\n","protected":false},"author":2,"featured_media":6608,"comment_status":"closed","ping_status":"closed","sticky":false,"template":"","format":"standard","meta":{"_et_pb_use_builder":"","_et_pb_old_content":"","footnotes":""},"categories":[1],"tags":[],"class_list":["post-6607","post","type-post","status-publish","format-standard","has-post-thumbnail","hentry","category-sin-categoria"],"_links":{"self":[{"href":"https:\/\/diarioelfederaense.com.ar\/index.php?rest_route=\/wp\/v2\/posts\/6607"}],"collection":[{"href":"https:\/\/diarioelfederaense.com.ar\/index.php?rest_route=\/wp\/v2\/posts"}],"about":[{"href":"https:\/\/diarioelfederaense.com.ar\/index.php?rest_route=\/wp\/v2\/types\/post"}],"author":[{"embeddable":true,"href":"https:\/\/diarioelfederaense.com.ar\/index.php?rest_route=\/wp\/v2\/users\/2"}],"replies":[{"embeddable":true,"href":"https:\/\/diarioelfederaense.com.ar\/index.php?rest_route=%2Fwp%2Fv2%2Fcomments&post=6607"}],"version-history":[{"count":1,"href":"https:\/\/diarioelfederaense.com.ar\/index.php?rest_route=\/wp\/v2\/posts\/6607\/revisions"}],"predecessor-version":[{"id":6609,"href":"https:\/\/diarioelfederaense.com.ar\/index.php?rest_route=\/wp\/v2\/posts\/6607\/revisions\/6609"}],"wp:featuredmedia":[{"embeddable":true,"href":"https:\/\/diarioelfederaense.com.ar\/index.php?rest_route=\/wp\/v2\/media\/6608"}],"wp:attachment":[{"href":"https:\/\/diarioelfederaense.com.ar\/index.php?rest_route=%2Fwp%2Fv2%2Fmedia&parent=6607"}],"wp:term":[{"taxonomy":"category","embeddable":true,"href":"https:\/\/diarioelfederaense.com.ar\/index.php?rest_route=%2Fwp%2Fv2%2Fcategories&post=6607"},{"taxonomy":"post_tag","embeddable":true,"href":"https:\/\/diarioelfederaense.com.ar\/index.php?rest_route=%2Fwp%2Fv2%2Ftags&post=6607"}],"curies":[{"name":"wp","href":"https:\/\/api.w.org\/{rel}","templated":true}]}}