{"id":6598,"date":"2026-01-08T18:47:14","date_gmt":"2026-01-08T21:47:14","guid":{"rendered":"https:\/\/diarioelfederaense.com.ar\/?p=6598"},"modified":"2026-01-08T18:47:16","modified_gmt":"2026-01-08T21:47:16","slug":"telefono-peluquines-el-centro-comercial-de-parana-califico-de-pauperrimo-el-2025-en-cuanto-a-ventas","status":"publish","type":"post","link":"https:\/\/diarioelfederaense.com.ar\/?p=6598","title":{"rendered":"TEL\u00c9FONO PELUQUINES&#8230; El Centro Comercial de Paran\u00e1 calific\u00f3 de \u201cpaup\u00e9rrimo\u201d el 2025 en cuanto a ventas"},"content":{"rendered":"\n<p><a><\/a>As\u00ed lo describi\u00f3 el titular de la Entidad, Marcelo Quiroga, a APFDigital. Esta crisis origin\u00f3 que en el microcentro 76 comercios debieran cerrar sus puertas de forma definitiva o trasladarse a zonas cuyos alquileres son m\u00e1s accesibles. Adem\u00e1s, dio su punto de vista sobre las ventas online y el panorama de ventas para D\u00eda de Reyes.<\/p>\n\n\n\n<p>En sinton\u00eda con lo que sucede a nivel nacional, el Centro Comercial de Paran\u00e1 calific\u00f3 al 2025 como \u201cpaup\u00e9rrimo\u201d debido a la ca\u00edda de consumo y el cierre de aproximadamente 76 locales en el microcentro de la capital entrerriana.<\/p>\n\n\n\n<p>\u201cEl 2025 marc\u00f3 una tendencia de guardar dinero para fechas espec\u00edficas o eventos especiales familiares y de alguna manera se contrajo en lo que era el consumo rutinario que ten\u00eda cualquier persona con un salario que le posibilitaba acceder a darse gustos\u201d, explic\u00f3 el titular de la Entidad, Marcelo Quiroga, a APFDigital.<\/p>\n\n\n\n<p>Respecto al cierre de negocios, el motivo se debi\u00f3 al incremento de los costos de alquileres y costos de servicios. Aunque algunos debieron bajar la persiana para siempre, otros buscaron una soluci\u00f3n. \u201cMuchos comerciantes tuvieron que mudarse a zonas donde los alquileres eran mucho m\u00e1s baratos, privilegiando mantener sus puertas abiertas a tener que cerrar por querer estar en el \u00e1mbito del centro\u201d, indic\u00f3 Quiroga.<\/p>\n\n\n\n<p>En referencia a este punto, el representante de los comercios en Paran\u00e1 hizo menci\u00f3n a una tendencia que viene creciendo a\u00f1o tras a\u00f1o: la venta online.<\/p>\n\n\n\n<p>\u201cToda competencia es validad en cuanto est\u00e9 enmarcado dentro de la ley. Esto significa que si est\u00e1n habilitados municipalmente, provincialmente y pagan sus impuestos a nivel nacional tienen todo el derecho de subsistir de la mejor manera que ellos crean conveniente, acorde a sus ingresos o a su servicio\u201d, expres\u00f3.<\/p>\n\n\n\n<p>Asimismo, se refiri\u00f3 a lo que no est\u00e1 contemplado en la moral del Centro Comercial: \u201cLo que no aceptamos es la competencia desleal, es decir, personas que entre cuatro paredes en el fondo de la casa pone un comercio online y no est\u00e1 registrado como corresponde ni tributa como corresponde\u201d. Y agreg\u00f3: \u201ces desleal tambi\u00e9n con el trato del p\u00fablico que no sabe a qui\u00e9n le est\u00e1 comprando y muchas veces es enga\u00f1ado porque el producto que se ofrece no es el que realmente le llega a su casa\u201d.<\/p>\n\n\n\n<p>En ese sentido, Quiroga aprovech\u00f3 la oportunidad para dar su punto de vista sobre las aplicaciones de compras chinas como Temu o Shein. \u201cEl Centro Comercial envi\u00f3 un comunicado solicitando al gobierno nacional. Estas plataformas no pagan ning\u00fan impuesto\u201d.<\/p>\n\n\n\n<p>Adem\u00e1s, indic\u00f3 como otro punto que desfavorece al comerciante argentino sobre estas aplicaciones es el salario por hora de los empleados: \u201cEstas empresas en lugares como China, Hong Kong y diversos pa\u00edses donde se produce esta mercader\u00eda el valor de la hora hombre es de un d\u00f3lar, en el mejor de los casos. Mientras que ac\u00e1 ese precio no baja de los cuatro d\u00f3lares y medio, cinco, seis d\u00f3lares\u201d.<\/p>\n\n\n\n<p>D\u00eda de Reyes en Paran\u00e1: Alto volumen de ventas pero con un ticket promedio en ca\u00edda libre<\/p>\n\n\n\n<p>Luego de darse a conocer que en Navidad las ventas tuvieron una ca\u00edda del 41,9% con respecto al ticket promedio del 2024, las compras en Reyes fueron numerosas pero la recaudaci\u00f3n final fue baja.<\/p>\n\n\n\n<p>A diferencia de Navidad, el sector m\u00e1s beneficiado fue Librer\u00eda con un 5% de ventas mientras que Jugueter\u00eda fue el que menos vendi\u00f3.<\/p>\n","protected":false},"excerpt":{"rendered":"<p>As\u00ed lo describi\u00f3 el titular de la Entidad, Marcelo Quiroga, a APFDigital. Esta crisis origin\u00f3 que en el microcentro 76 comercios debieran cerrar sus puertas de forma definitiva o trasladarse a zonas cuyos alquileres son m\u00e1s accesibles. Adem\u00e1s, dio su punto de vista sobre las ventas online y el panorama de ventas para D\u00eda de [&hellip;]<\/p>\n","protected":false},"author":2,"featured_media":6599,"comment_status":"closed","ping_status":"closed","sticky":false,"template":"","format":"standard","meta":{"_et_pb_use_builder":"","_et_pb_old_content":"","footnotes":""},"categories":[1],"tags":[],"class_list":["post-6598","post","type-post","status-publish","format-standard","has-post-thumbnail","hentry","category-sin-categoria"],"_links":{"self":[{"href":"https:\/\/diarioelfederaense.com.ar\/index.php?rest_route=\/wp\/v2\/posts\/6598"}],"collection":[{"href":"https:\/\/diarioelfederaense.com.ar\/index.php?rest_route=\/wp\/v2\/posts"}],"about":[{"href":"https:\/\/diarioelfederaense.com.ar\/index.php?rest_route=\/wp\/v2\/types\/post"}],"author":[{"embeddable":true,"href":"https:\/\/diarioelfederaense.com.ar\/index.php?rest_route=\/wp\/v2\/users\/2"}],"replies":[{"embeddable":true,"href":"https:\/\/diarioelfederaense.com.ar\/index.php?rest_route=%2Fwp%2Fv2%2Fcomments&post=6598"}],"version-history":[{"count":1,"href":"https:\/\/diarioelfederaense.com.ar\/index.php?rest_route=\/wp\/v2\/posts\/6598\/revisions"}],"predecessor-version":[{"id":6600,"href":"https:\/\/diarioelfederaense.com.ar\/index.php?rest_route=\/wp\/v2\/posts\/6598\/revisions\/6600"}],"wp:featuredmedia":[{"embeddable":true,"href":"https:\/\/diarioelfederaense.com.ar\/index.php?rest_route=\/wp\/v2\/media\/6599"}],"wp:attachment":[{"href":"https:\/\/diarioelfederaense.com.ar\/index.php?rest_route=%2Fwp%2Fv2%2Fmedia&parent=6598"}],"wp:term":[{"taxonomy":"category","embeddable":true,"href":"https:\/\/diarioelfederaense.com.ar\/index.php?rest_route=%2Fwp%2Fv2%2Fcategories&post=6598"},{"taxonomy":"post_tag","embeddable":true,"href":"https:\/\/diarioelfederaense.com.ar\/index.php?rest_route=%2Fwp%2Fv2%2Ftags&post=6598"}],"curies":[{"name":"wp","href":"https:\/\/api.w.org\/{rel}","templated":true}]}}