{"id":6595,"date":"2026-01-08T09:19:02","date_gmt":"2026-01-08T12:19:02","guid":{"rendered":"https:\/\/diarioelfederaense.com.ar\/?p=6595"},"modified":"2026-01-08T18:46:33","modified_gmt":"2026-01-08T21:46:33","slug":"es-hoy-2","status":"publish","type":"post","link":"https:\/\/diarioelfederaense.com.ar\/?p=6595","title":{"rendered":"ES HOY&#8230;"},"content":{"rendered":"\n<p>Federaci\u00f3n ultima los detalles para dar comienzo a la 42\u00b0 Fiesta Nacional del Lago<\/p>\n\n\n\n<p><a><\/a>La cuenta regresiva est\u00e1 en marcha, del 8 al 11 de enero, la ciudad termal se prepara para vivir una nueva edici\u00f3n de una de las celebraciones m\u00e1s tradicionales del verano entrerriano.<\/p>\n\n\n\n<p>La 42\u00b0 Fiesta Nacional del Lago arrancar\u00e1 este jueves y hasta el pr\u00f3ximo domingo, anunci\u00f3 una grilla de artistas que promete convocar a miles de visitantes y una programaci\u00f3n pensada para toda la familia.<\/p>\n\n\n\n<p>La propuesta cultural y musical de este a\u00f1o se completa con figuras de primer nivel. Tras la confirmaci\u00f3n de Damas Gratis y Ke Personajes, que cerrar\u00e1 la fiesta con un espect\u00e1culo esperado por el p\u00fablico joven, se sum\u00f3 artistas como Axel, Pinki con \u201cUn Poco de Ruido\u201d, El Vikingo Correa y La Parabellum con su tributo a Patricio Rey, entre otros nombres que diversifican la grilla y ampl\u00edan el atractivo de cada noche.<\/p>\n\n\n\n<p>La fiesta en su conjunto<\/p>\n\n\n\n<p>La Fiesta Nacional del Lago no es solo m\u00fasica, tambi\u00e9n conjuga propuestas recreativas, actividades n\u00e1uticas en el entorno del lago de Salto Grande y propuestas culturales que posicionan a Federaci\u00f3n como un destino destacado del calendario tur\u00edstico de enero, en sinton\u00eda con otras celebraciones populares de la provincia.<\/p>\n\n\n\n<p>La expectativa tambi\u00e9n est\u00e1 puesta en la concurrencia de turistas de toda la regi\u00f3n, que aprovechan el verano para combinar descanso, eventos culturales y actividades al aire libre.<\/p>\n\n\n\n<p>La fiesta mantiene su tradici\u00f3n de apertura con eventos emblem\u00e1ticos, como la peregrinaci\u00f3n de la Virgen sobre el lago, y la participaci\u00f3n de artistas locales y regionales que enriquecen la propuesta.<\/p>\n\n\n\n<p>Entradas<\/p>\n\n\n\n<p>Con la venta de entradas y bonos que adelantan una importante concurrencia, la ciudad de Federaci\u00f3n afina cada detalle para recibir a miles de visitantes, consolidando a la Fiesta Nacional del Lago como un cl\u00e1sico del verano entrerriano.<\/p>\n\n\n\n<p>Para adquirirlas se puede recurrir a la venta online en Almotick (<a href=\"https:\/\/l.facebook.com\/l.php?u=http%3A%2F%2Falmotick.com%2F%3Ffbclid%3DIwZXh0bgNhZW0CMTAAYnJpZBExbWxYM2luRlZrdDRISUMyTXNydGMGYXBwX2lkEDIyMjAzOTE3ODgyMDA4OTIAAR7BOahOoeE0GlfbqHaX_shVFz2Kgd7b4GuOxYtMBuEEIm26QjeIQ4tWoVrIiA_aem_aSE4Vp6IeTCO8zMf4OeaGw&amp;h=AT0M6j2H_BSahDx9tVVQCm41i8j0zLBdNfrimbPJOOtI_R2hbB41ZoicRwJNUMAGAslODyHJITRaAV5HeIgWgl-K7RWrHOonmdkYLaPYrNtvySU_i3663oqZS7JJSPc4N1S1zlu6-5XW2X0m&amp;__tn__=-UK-R&amp;c[0]=AT2GAAN0ToALEa-EcbB3uAvzmip7VskOXl8XNwhAXYOiXMkidJkd3YWAXJaxEsixmvuRiOFzCZJW_1M7Ze2XB6_KSZlPtVOfa9p3adn-YU929RTnDMURmq9fNoxxQ6XXzvE2oZLThiNfIXu9W997lprK8fQ2P2xfHbzJq7Pc1Q\" rel=\"noreferrer noopener\" target=\"_blank\">almotick.com<\/a>) para las fechas y artistas espec\u00edficos de cada noche. Mientras que los bonos \u2014que abarcan las noches de la fiesta\u2014 pueden adquirirse de forma exclusiva en la ciudad de Federaci\u00f3n.<\/p>\n\n\n\n<p>La grilla completa<\/p>\n\n\n\n<p>* Jueves 8 de enero: Pinky &#8211; \u00abUn Poco de Ruido\u00bb.<\/p>\n\n\n\n<p>* Viernes 9 de enero: Axel y El Vikingo Correa.<\/p>\n\n\n\n<p>* S\u00e1bado 10 de enero: La Parabellum (Tributo a Patricio Rey) y Damas Gratis.<\/p>\n\n\n\n<p>* Domingo 11 de enero: Ke Personajes.<\/p>\n","protected":false},"excerpt":{"rendered":"<p>Federaci\u00f3n ultima los detalles para dar comienzo a la 42\u00b0 Fiesta Nacional del Lago La cuenta regresiva est\u00e1 en marcha, del 8 al 11 de enero, la ciudad termal se prepara para vivir una nueva edici\u00f3n de una de las celebraciones m\u00e1s tradicionales del verano entrerriano. La 42\u00b0 Fiesta Nacional del Lago arrancar\u00e1 este jueves [&hellip;]<\/p>\n","protected":false},"author":2,"featured_media":6596,"comment_status":"closed","ping_status":"closed","sticky":false,"template":"","format":"standard","meta":{"_et_pb_use_builder":"","_et_pb_old_content":"","footnotes":""},"categories":[1],"tags":[],"class_list":["post-6595","post","type-post","status-publish","format-standard","has-post-thumbnail","hentry","category-sin-categoria"],"_links":{"self":[{"href":"https:\/\/diarioelfederaense.com.ar\/index.php?rest_route=\/wp\/v2\/posts\/6595"}],"collection":[{"href":"https:\/\/diarioelfederaense.com.ar\/index.php?rest_route=\/wp\/v2\/posts"}],"about":[{"href":"https:\/\/diarioelfederaense.com.ar\/index.php?rest_route=\/wp\/v2\/types\/post"}],"author":[{"embeddable":true,"href":"https:\/\/diarioelfederaense.com.ar\/index.php?rest_route=\/wp\/v2\/users\/2"}],"replies":[{"embeddable":true,"href":"https:\/\/diarioelfederaense.com.ar\/index.php?rest_route=%2Fwp%2Fv2%2Fcomments&post=6595"}],"version-history":[{"count":1,"href":"https:\/\/diarioelfederaense.com.ar\/index.php?rest_route=\/wp\/v2\/posts\/6595\/revisions"}],"predecessor-version":[{"id":6597,"href":"https:\/\/diarioelfederaense.com.ar\/index.php?rest_route=\/wp\/v2\/posts\/6595\/revisions\/6597"}],"wp:featuredmedia":[{"embeddable":true,"href":"https:\/\/diarioelfederaense.com.ar\/index.php?rest_route=\/wp\/v2\/media\/6596"}],"wp:attachment":[{"href":"https:\/\/diarioelfederaense.com.ar\/index.php?rest_route=%2Fwp%2Fv2%2Fmedia&parent=6595"}],"wp:term":[{"taxonomy":"category","embeddable":true,"href":"https:\/\/diarioelfederaense.com.ar\/index.php?rest_route=%2Fwp%2Fv2%2Fcategories&post=6595"},{"taxonomy":"post_tag","embeddable":true,"href":"https:\/\/diarioelfederaense.com.ar\/index.php?rest_route=%2Fwp%2Fv2%2Ftags&post=6595"}],"curies":[{"name":"wp","href":"https:\/\/api.w.org\/{rel}","templated":true}]}}