{"id":6592,"date":"2026-01-08T09:10:14","date_gmt":"2026-01-08T12:10:14","guid":{"rendered":"https:\/\/diarioelfederaense.com.ar\/?p=6592"},"modified":"2026-01-08T09:10:14","modified_gmt":"2026-01-08T12:10:14","slug":"nace-una-nueva-orquesta-en-federacion","status":"publish","type":"post","link":"https:\/\/diarioelfederaense.com.ar\/?p=6592","title":{"rendered":"Nace una nueva Orquesta en Federaci\u00f3n"},"content":{"rendered":"\n<p><a><\/a>En la ciudad de Federaci\u00f3n, comenz\u00f3 a tomar forma un nuevo proyecto cultural y educativo: la creaci\u00f3n de una orquesta que busca ampliar el acceso a la m\u00fasica y fortalecer los lazos comunitarios a trav\u00e9s de la formaci\u00f3n musical.<\/p>\n\n\n\n<p>La iniciativa surge a partir de la trayectoria y la convicci\u00f3n de *Emiliano Zubar\u00e1n*, odont\u00f3logo reconocido de la ciudad, cuya relaci\u00f3n con la m\u00fasica se remonta a su infancia. Desde muy joven desarroll\u00f3 un profundo inter\u00e9s tanto por la m\u00fasica como por la formaci\u00f3n integral de las personas, influenciado por un entorno familiar donde la m\u00fasica estuvo siempre presente. A lo largo de los a\u00f1os se form\u00f3 en distintos instrumentos: guitarra, piano y bandone\u00f3n y particip\u00f3 en diversas experiencias musicales y corales.<\/p>\n\n\n\n<p>Un momento clave en su recorrido fue el contacto con el mundo orquestal, tanto como espectador como integrante. La experiencia de escuchar una orquesta en vivo, sumada posteriormente a la posibilidad de formar parte de un proyecto colectivo en San Salvador, termin\u00f3 de consolidar una idea que ya ven\u00eda gest\u00e1ndose: *acercar esa vivencia transformadora a su propia comunidad*.<\/p>\n\n\n\n<p>Desde esa mirada, la orquesta nace no solo como un espacio musical, sino como un *\u00e1mbito de formaci\u00f3n cultural, educativa y social*, basado en valores como la disciplina, la constancia, el trabajo en equipo, la perseverancia y el respeto. El proyecto re\u00fane a *ni\u00f1os, adolescentes y adultos*, con un \u00e9nfasis especial en la formaci\u00f3n de las infancias y juventudes, entendiendo que los aprendizajes adquiridos en esa etapa resultan fundamentales para el desarrollo futuro.<\/p>\n\n\n\n<p>Actualmente, el proyecto funciona como una *orquesta de cuerdas*, lo que permite consolidar una base s\u00f3lida de trabajo musical colectivo. A largo plazo, el objetivo es ampliar esta experiencia hacia la conformaci\u00f3n de una *orquesta sinf\u00f3nica*, incorporando progresivamente nuevos instrumentos y especialidades.<\/p>\n\n\n\n<p>La agrupaci\u00f3n es dirigida por Leonardo Avancini, actual director de la *Orquesta Municipal San Salvador* y cuenta con un equipo de j\u00f3venes profesores provenientes de dicha ciudad, quienes aportan su experiencia pedag\u00f3gica y art\u00edstica al desarrollo del proyecto.<\/p>\n\n\n\n<p>De este modo, *Federaci\u00f3n suma un nuevo espacio cultural que apuesta a la m\u00fasica como herramienta de formaci\u00f3n, encuentro y transformaci\u00f3n*, reafirmando el valor del trabajo colectivo y el acceso a la cultura como pilares del desarrollo comunitario.<\/p>\n","protected":false},"excerpt":{"rendered":"<p>En la ciudad de Federaci\u00f3n, comenz\u00f3 a tomar forma un nuevo proyecto cultural y educativo: la creaci\u00f3n de una orquesta que busca ampliar el acceso a la m\u00fasica y fortalecer los lazos comunitarios a trav\u00e9s de la formaci\u00f3n musical. La iniciativa surge a partir de la trayectoria y la convicci\u00f3n de *Emiliano Zubar\u00e1n*, odont\u00f3logo reconocido [&hellip;]<\/p>\n","protected":false},"author":2,"featured_media":6593,"comment_status":"closed","ping_status":"closed","sticky":false,"template":"","format":"standard","meta":{"_et_pb_use_builder":"","_et_pb_old_content":"","footnotes":""},"categories":[1],"tags":[],"class_list":["post-6592","post","type-post","status-publish","format-standard","has-post-thumbnail","hentry","category-sin-categoria"],"_links":{"self":[{"href":"https:\/\/diarioelfederaense.com.ar\/index.php?rest_route=\/wp\/v2\/posts\/6592"}],"collection":[{"href":"https:\/\/diarioelfederaense.com.ar\/index.php?rest_route=\/wp\/v2\/posts"}],"about":[{"href":"https:\/\/diarioelfederaense.com.ar\/index.php?rest_route=\/wp\/v2\/types\/post"}],"author":[{"embeddable":true,"href":"https:\/\/diarioelfederaense.com.ar\/index.php?rest_route=\/wp\/v2\/users\/2"}],"replies":[{"embeddable":true,"href":"https:\/\/diarioelfederaense.com.ar\/index.php?rest_route=%2Fwp%2Fv2%2Fcomments&post=6592"}],"version-history":[{"count":1,"href":"https:\/\/diarioelfederaense.com.ar\/index.php?rest_route=\/wp\/v2\/posts\/6592\/revisions"}],"predecessor-version":[{"id":6594,"href":"https:\/\/diarioelfederaense.com.ar\/index.php?rest_route=\/wp\/v2\/posts\/6592\/revisions\/6594"}],"wp:featuredmedia":[{"embeddable":true,"href":"https:\/\/diarioelfederaense.com.ar\/index.php?rest_route=\/wp\/v2\/media\/6593"}],"wp:attachment":[{"href":"https:\/\/diarioelfederaense.com.ar\/index.php?rest_route=%2Fwp%2Fv2%2Fmedia&parent=6592"}],"wp:term":[{"taxonomy":"category","embeddable":true,"href":"https:\/\/diarioelfederaense.com.ar\/index.php?rest_route=%2Fwp%2Fv2%2Fcategories&post=6592"},{"taxonomy":"post_tag","embeddable":true,"href":"https:\/\/diarioelfederaense.com.ar\/index.php?rest_route=%2Fwp%2Fv2%2Ftags&post=6592"}],"curies":[{"name":"wp","href":"https:\/\/api.w.org\/{rel}","templated":true}]}}